{"id":3908,"date":"2019-01-29T07:39:40","date_gmt":"2019-01-29T07:39:40","guid":{"rendered":"https:\/\/vamor.hu\/?p=3908"},"modified":"2019-01-29T07:39:40","modified_gmt":"2019-01-29T07:39:40","slug":"jovedeki-adotorvenyi-valtozasok","status":"publish","type":"post","link":"https:\/\/vamor.hu\/en\/jovedeki-adotorvenyi-valtozasok\/","title":{"rendered":"J\u00f6ved\u00e9ki ad\u00f3t\u00f6rv\u00e9nyi v\u00e1ltoz\u00e1sok"},"content":{"rendered":"\n<figure class=\"wp-block-image\"><img decoding=\"async\" src=\"https:\/\/vamor.hu\/wp-content\/uploads\/2019\/01\/tiszteltvasarlo.hu_.jpg\" alt=\"\" class=\"wp-image-3910\"\/><\/figure>\n\n\n\n<p><strong>M\u00f3dos\u00edt\u00f3\njogszab\u00e1ly <\/strong><\/p>\n\n\n\n<p>Az egyes ad\u00f3t\u00f6rv\u00e9nyek uni\u00f3s k\u00f6telezetts\u00e9gekhez kapcsol\u00f3d\u00f3, valamint egyes t\u00f6rv\u00e9nyek ad\u00f3igazgat\u00e1si t\u00e1rgy\u00fa m\u00f3dos\u00edt\u00e1s\u00e1r\u00f3l sz\u00f3l\u00f3 2018. \u00e9vi LXXXII. t\u00f6rv\u00e9ny (66 \u2013 76.\u00a7)<\/p>\n\n\n\n<p><strong>A f\u0151bb v\u00e1ltoz\u00e1sok\nr\u00f6vid \u00f6sszefoglal\u00e1sa<\/strong><\/p>\n\n\n\n<p>J\u00f6t.\n16.\u00a7 (3) bekezd\u00e9s \u2013 A v\u00e1ltoz\u00e1s az enged\u00e9lyk\u00e9relemben megadott, de az\nenged\u00e9lyben szerepl\u0151 adatok v\u00e1ltoz\u00e1s\u00e1nak bejelent\u00e9s\u00e9re vonatkoz\u00f3 szab\u00e1lyt\nfogalmaz meg.<\/p>\n\n\n\n<p>J\u00f6t.\n18.\u00a7 (6) bekezd\u00e9s \u2013 A p\u00e9nz\u00fcgyi biztos\u00edt\u00e9k \u00e9rv\u00e9nyess\u00e9g\u00e9nek id\u0151tartam\u00e1t \u00e9rint\u0151\nszab\u00e1ly eg\u00e9sz\u00fclt ki azzal, hogy az ad\u00f3ra vonatkoz\u00f3 fizet\u00e9si k\u00f6nny\u00edt\u00e9s\nenged\u00e9lyez\u00e9se eset\u00e9n a ny\u00fajtott j\u00f6ved\u00e9ki biztos\u00edt\u00e9knak a fizet\u00e9si k\u00f6nny\u00edt\u00e9s\nhat\u00e1ridej\u00e9nek lej\u00e1rt\u00e1t k\u00f6vet\u0151 60 napig \u00e9rv\u00e9nyesnek kell lennie.<\/p>\n\n\n\n<p>J\u00f6t.\n22.\u00a7 (4) bekezd\u00e9s \u2013 Ha az enged\u00e9lyes k\u00e9relm\u00e9re felf\u00fcggeszt\u00e9sre ker\u00fcl az\nad\u00f3rakt\u00e1ri enged\u00e9ly \u00e9s a felf\u00fcggeszt\u00e9s megsz\u00fcntet\u00e9s\u00e9t az enged\u00e9lyes az enged\u00e9ly\nfelf\u00fcggeszt\u00e9s hat\u00e1ridej\u00e9nek &nbsp;lej\u00e1rt\u00e1ig nem\nk\u00e9ri, az enged\u00e9ly hat\u00e1ly\u00e1t veszti, teh\u00e1t megsz\u0171nik.&nbsp; <\/p>\n\n\n\n<p>J\u00f6t.\n24.\u00a7 \u00faj (11) bekezd\u00e9s \u2013 Az \u00faj szab\u00e1ly c\u00e9lja, hogy rendezze az ad\u00f3rakt\u00e1ri\nenged\u00e9lyes \u00e1ltal az ad\u00f3rakt\u00e1ri keretek k\u00f6z\u00f6tt v\u00e9gzett felhaszn\u00e1l\u00f3i enged\u00e9lyes\ntev\u00e9kenys\u00e9ggel \u00f6sszef\u00fcgg\u0151 nyilv\u00e1ntart\u00e1s vezet\u00e9s \u00e9s adatszolg\u00e1ltat\u00e1s szab\u00e1lyait.\nA J\u00f6t. eddig is lehet\u0151v\u00e9 tette, hogy az ad\u00f3rakt\u00e1ron bel\u00fcl megval\u00f3suljon a\nfelhaszn\u00e1l\u00f3i enged\u00e9lyes tev\u00e9kenys\u00e9g is, de nem sz\u00f3lt a szab\u00e1lyoz\u00e1s a\nnyilv\u00e1ntart\u00e1s \u00e9s adatszolg\u00e1ltat\u00e1s mik\u00e9ntj\u00e9r\u0151l. Ezt a hi\u00e1nyt sz\u00fcnteti meg az \u00faj\nszab\u00e1ly, ami szint\u00e9n az ad\u00f3z\u00f3i adminisztr\u00e1ci\u00f3 cs\u00f6kkent\u00e9s\u00e9nek jegy\u00e9ben ker\u00fclt\nmegfogalmaz\u00e1sra, mivel a jogalkot\u00f3 lehet\u0151s\u00e9get biztos\u00edtott arra, hogy az\nad\u00f3rakt\u00e1rban megval\u00f3sul\u00f3 felhaszn\u00e1l\u00f3i enged\u00e9lyes tev\u00e9kenys\u00e9g \u2013 tov\u00e1bbra is\nk\u00fcl\u00f6n enged\u00e9ly n\u00e9lk\u00fcl \u2013 az ad\u00f3rakt\u00e1ri nyilv\u00e1ntart\u00e1sban ker\u00fclj\u00f6n kimutat\u00e1sra \u00e9s\nabb\u00f3l val\u00f3sulhasson meg az adatszolg\u00e1ltat\u00e1s is a felhaszn\u00e1l\u00f3i enged\u00e9lyesekre\nmeghat\u00e1rozott m\u00f3don. B\u00e1r ez a jogszab\u00e1ly sz\u00f6veg\u00e9b\u0151l nem egy\u00e9rtelm\u0171, de a\nt\u00f6rv\u00e9nyi indokol\u00e1s egy\u00e9rtelm\u0171v\u00e9 teszi a jogszab\u00e1ly ez ir\u00e1ny\u00fa \u00e9rtelmez\u00e9s\u00e9t.<\/p>\n\n\n\n<p>J\u00f6t.\n85.\u00a7 \u00faj (1a) bekezd\u00e9s \u2013 Az \u00faj rendelkez\u00e9s egy\u00e9rtelm\u0171s\u00edti, hogy a hivatalb\u00f3l\nindult j\u00f6ved\u00e9ki \u00fcgyben felmer\u00fcl\u0151 szak\u00e9rt\u0151i d\u00edjak \u00e9s egy\u00e9b k\u00f6lts\u00e9gek azt a\nszem\u00e9lyt terhelik, akivel szemben a jogs\u00e9rt\u00e9s meg\u00e1llap\u00edt\u00e1sra ker\u00fcl.<\/p>\n\n\n\n<p>J\u00f6t.\n86.\u00a7 \u00faj (1a) bekezd\u00e9s \u2013 A kor\u00e1bbi gyakorlati tapasztalatok tett\u00e9k indokoltt\u00e1\nennek az \u00faj rendelkez\u00e9snek az \u00e9letre h\u00edv\u00e1s\u00e1t. Az \u00faj szab\u00e1ly l\u00e9nyege, hogy a\nhat\u00f3s\u00e1g \u00e1ltal megkezdett \u00e9s m\u00e9g folyamatban l\u00e9v\u0151 ellen\u0151rz\u00e9s alatt az\nellen\u0151rz\u00f6tt nem k\u00e9rhet k\u00f6telez\u0151 \u00e9rv\u00e9ny\u0171 KN-k\u00f3d besorol\u00e1st a NAV SZI-t\u0151l. Ezzel\nmegsz\u0171nik a lehet\u0151s\u00e9g a J\u00f6t. 86.\u00a7 (2) bekezd\u00e9se \u00e1ltal megfogalmazott szab\u00e1llyal\nval\u00f3 vissza\u00e9l\u00e9sre, mert ha valaki az ellen\u0151rz\u00e9s alatt gyorsan beny\u00fajt egy\nk\u00e9relmet a KN-k\u00f3d besorol\u00e1sra, akkor annak visszamen\u0151leges hat\u00e1lya nem lehet.\nHa viszont az ellen\u0151rz\u00e9s alatt nem ny\u00fajthat\u00f3 be ilyen k\u00e9relem, akkor ez a szab\u00e1ly\nnem ad lehet\u0151s\u00e9get a jogk\u00f6vetkezm\u00e9nyek al\u00f3li kib\u00fav\u00e1sra.<\/p>\n\n\n\n<p>J\u00f6t.\n91.\u00a7 \u00faj (2) bekezd\u00e9s \u2013 Az \u00faj szab\u00e1ly l\u00e9nyege, hogy amennyiben olyan adata\nv\u00e1ltozik az enged\u00e9lyesnek, ami valamilyen jogszab\u00e1lyi rendelkez\u00e9sen alapul\u00f3\nadatb\u00e1zisban, adatszolg\u00e1ltat\u00e1s keret\u00e9ben hozz\u00e1f\u00e9rhet\u0151 az ad\u00f3- \u00e9s v\u00e1mhat\u00f3s\u00e1g\nsz\u00e1m\u00e1ra, akkor hivatalb\u00f3l \u00e1tvezeti a v\u00e1ltoz\u00e1st az enged\u00e9lyen vagy\nnyilv\u00e1ntart\u00e1sba v\u00e9telen, amir\u0151l \u00e9rtes\u00edti az enged\u00e9lyest vagy nyilv\u00e1ntart\u00e1sba\nvett szem\u00e9lyt.<\/p>\n\n\n\n<p>J\u00f6t.\n102.\u00a7&nbsp; (4) bekezd\u00e9s \u2013 A rendelkez\u00e9s\nm\u00f3dos\u00edt\u00e1sa megsz\u00fcnteti a rakt\u00e1rd\u00edj vonatkoz\u00e1s\u00e1ban a v\u00e1mszab\u00e1lyokra val\u00f3\nhivatkoz\u00e1st, egy\u00fattal felhatalmaz\u00e1st biztos\u00edt, hogy a rakt\u00e1rd\u00edj \u00f6sszege\ntekintet\u00e9ben a v\u00e9grehajt\u00e1si rendelet tartalmazzon rendelkez\u00e9st. A rakt\u00e1rd\u00edj\nm\u00e9rt\u00e9ke vonatkoz\u00e1s\u00e1ban a v\u00e9grehajt\u00e1si rendelet kieg\u00e9sz\u00edt\u00e9se v\u00e1rhat\u00f3.<\/p>\n\n\n\n<p>J\u00f6t.\n103.\u00a7 (5) bekezd\u00e9s \u2013 A m\u00f3dosult szab\u00e1lyoz\u00e1s lehet\u0151s\u00e9get teremt arra, hogy az\nelkobzott dolgok k\u00f6z\u00fcl az alkoholtartalm\u00fa italok \u00e9s doh\u00e1nygy\u00e1rtm\u00e1ny, az ad\u00f3\u00fcgyi\njelz\u00e9sek \u00e9s eszk\u00f6z\u00f6k, berendez\u00e9sek is felhaszn\u00e1lhat\u00f3k legyenek oktat\u00e1si vagy\nm\u00fazeumi ki\u00e1ll\u00edt\u00e1si c\u00e9lokra.<\/p>\n\n\n\n<p>J\u00f6t.\n113.\u00a7 (5) bekezd\u00e9s \u2013 Az uni\u00f3s minimumad\u00f3 szab\u00e1lyokhoz igazodva m\u00f3dosul a\nkereskedelmi g\u00e1zolaj ut\u00e1n visszaig\u00e9nyelhet\u0151 j\u00f6ved\u00e9ki ad\u00f3 m\u00e9rt\u00e9ke. A 7 Ft\nhelyett 3,5 Ft, m\u00edg a 17 forint helyett 13,5 Ft a figyelembe vehet\u0151 m\u00e9rt\u00e9k. &nbsp;<\/p>\n","protected":false},"excerpt":{"rendered":"<p>M\u00f3dos\u00edt\u00f3 jogszab\u00e1ly Az egyes ad\u00f3t\u00f6rv\u00e9nyek uni\u00f3s k\u00f6telezetts\u00e9gekhez kapcsol\u00f3d\u00f3, valamint egyes t\u00f6rv\u00e9nyek ad\u00f3igazgat\u00e1si t\u00e1rgy\u00fa m\u00f3dos\u00edt\u00e1s\u00e1r\u00f3l sz\u00f3l\u00f3 2018. \u00e9vi LXXXII. t\u00f6rv\u00e9ny (66 \u2013 76.\u00a7) A f\u0151bb v\u00e1ltoz\u00e1sok r\u00f6vid \u00f6sszefoglal\u00e1sa J\u00f6t. 16.\u00a7 (3) bekezd\u00e9s \u2013 A v\u00e1ltoz\u00e1s az enged\u00e9lyk\u00e9relemben megadott, de az enged\u00e9lyben szerepl\u0151 adatok v\u00e1ltoz\u00e1s\u00e1nak bejelent\u00e9s\u00e9re vonatkoz\u00f3 szab\u00e1lyt fogalmaz meg. J\u00f6t. 18.\u00a7 (6) bekezd\u00e9s \u2013 A p\u00e9nz\u00fcgyi [&hellip;]<\/p>\n","protected":false},"author":2,"featured_media":0,"comment_status":"open","ping_status":"closed","sticky":false,"template":"","format":"standard","meta":{"footnotes":""},"categories":[39],"tags":[],"_links":{"self":[{"href":"https:\/\/vamor.hu\/en\/wp-json\/wp\/v2\/posts\/3908"}],"collection":[{"href":"https:\/\/vamor.hu\/en\/wp-json\/wp\/v2\/posts"}],"about":[{"href":"https:\/\/vamor.hu\/en\/wp-json\/wp\/v2\/types\/post"}],"author":[{"embeddable":true,"href":"https:\/\/vamor.hu\/en\/wp-json\/wp\/v2\/users\/2"}],"replies":[{"embeddable":true,"href":"https:\/\/vamor.hu\/en\/wp-json\/wp\/v2\/comments?post=3908"}],"version-history":[{"count":0,"href":"https:\/\/vamor.hu\/en\/wp-json\/wp\/v2\/posts\/3908\/revisions"}],"wp:attachment":[{"href":"https:\/\/vamor.hu\/en\/wp-json\/wp\/v2\/media?parent=3908"}],"wp:term":[{"taxonomy":"category","embeddable":true,"href":"https:\/\/vamor.hu\/en\/wp-json\/wp\/v2\/categories?post=3908"},{"taxonomy":"post_tag","embeddable":true,"href":"https:\/\/vamor.hu\/en\/wp-json\/wp\/v2\/tags?post=3908"}],"curies":[{"name":"wp","href":"https:\/\/api.w.org\/{rel}","templated":true}]}}