{"id":3942,"date":"2019-03-27T09:42:46","date_gmt":"2019-03-27T09:42:46","guid":{"rendered":"https:\/\/vamor.hu\/?p=3942"},"modified":"2019-03-27T09:42:46","modified_gmt":"2019-03-27T09:42:46","slug":"jogszabalyvaltozas-2019-februar","status":"publish","type":"post","link":"https:\/\/vamor.hu\/en\/jogszabalyvaltozas-2019-februar\/","title":{"rendered":"Jogszab\u00e1lyv\u00e1ltoz\u00e1s 2019. febru\u00e1r"},"content":{"rendered":"\n<figure class=\"wp-block-image\"><img decoding=\"async\" src=\"https:\/\/vamor.hu\/wp-content\/uploads\/2019\/01\/tiszteltvasarlo.hu_.jpg\" alt=\"\" class=\"wp-image-3910\"\/><\/figure>\n\n\n\n<p>T\u00e1j\u00e9koztatom,\nhogy v\u00e1mjoggal, j\u00f6ved\u00e9kkel, k\u00f6rnyezet-, munka-, t\u0171zv\u00e9delemmel,\nhullad\u00e9kgazd\u00e1lkod\u00e1ssal \u00e9s k\u00f6rnyezetv\u00e9delmi term\u00e9kd\u00edjjal kapcsolatban az al\u00e1bbi\njogszab\u00e1lyok l\u00e9ptek \u00e9letbe, vagy m\u00f3dosultak <strong>2019. febru\u00e1r 01-t\u0151l 2019. febru\u00e1r 28-ig<\/strong>.<\/p>\n\n\n\n<p><strong>V\u00e1mmal\nkapcsolatos jogszab\u00e1lyfigyel\u0151 <\/strong><\/p>\n\n\n\n<p>AZ EU\nHIVATALOS LAPJ\u00c1B\u00d3L<\/p>\n\n\n\n<p><strong>L 24.<\/strong><\/p>\n\n\n\n<p>Lev\u00e9lv\u00e1lt\u00e1s form\u00e1j\u00e1ban l\u00e9trej\u00f6tt meg\u00e1llapod\u00e1s az\nEur\u00f3pai Uni\u00f3 \u00e9s a Norv\u00e9g Kir\u00e1lys\u00e1g k\u00f6z\u00f6tt az&nbsp;\n\u00e1ltal\u00e1nos&nbsp; tarif\u00e1lis&nbsp; preferenciarendszer&nbsp; keret\u00e9ben&nbsp;\naz&nbsp; Eur\u00f3pai&nbsp; Uni\u00f3, &nbsp;a&nbsp;\nSv\u00e1jci&nbsp; \u00c1llamsz\u00f6vets\u00e9g,&nbsp; a Norv\u00e9g Kir\u00e1lys\u00e1g \u00e9s a T\u00f6r\u00f6k K\u00f6zt\u00e1rsas\u00e1g\nk\u00f6z\u00f6tt alkalmazand\u00f3 sz\u00e1rmaz\u00e1si kumul\u00e1ci\u00f3r\u00f3l<\/p>\n\n\n\n<p><strong>L 27. <\/strong><\/p>\n\n\n\n<p>\u2022 \u00c9rtes\u00edt\u00e9s&nbsp;\naz&nbsp; \u00e1ltal\u00e1nos&nbsp; tarif\u00e1lis&nbsp;\npreferenciarendszer\u00e9nek&nbsp; keret\u00e9ben\n&nbsp;az&nbsp;\nEur\u00f3pai&nbsp; Uni\u00f3,&nbsp; a&nbsp;\nSv\u00e1jci \u00c1llamsz\u00f6vets\u00e9g,&nbsp; a&nbsp; Norv\u00e9g&nbsp;\nKir\u00e1lys\u00e1g&nbsp; \u00e9s&nbsp; a&nbsp;\nT\u00f6r\u00f6k&nbsp; K\u00f6zt\u00e1rsas\u00e1g&nbsp; k\u00f6z\u00f6tt&nbsp;\nalkalmazand\u00f3&nbsp; sz\u00e1rmaz\u00e1si kumul\u00e1ci\u00f3r\u00f3l\nsz\u00f3l\u00f3, az Eur\u00f3pai Uni\u00f3 \u00e9s a Sv\u00e1jci \u00c1llamsz\u00f6vets\u00e9g k\u00f6z\u00f6tt lev\u00e9lv\u00e1lt\u00e1s form\u00e1j\u00e1ban\nl\u00e9trej\u00f6tt meg\u00e1llapod\u00e1s hat\u00e1lybal\u00e9p\u00e9s\u00e9r\u0151l <\/p>\n\n\n\n<p>\u2022 A&nbsp; Tan\u00e1cs&nbsp; (EU)&nbsp;\n2019\/143&nbsp; hat\u00e1rozata&nbsp; (2019.&nbsp;\njanu\u00e1r&nbsp; 28.)&nbsp; az&nbsp;\nEur\u00f3pai&nbsp; Uni\u00f3&nbsp; \u00e9s&nbsp;\na&nbsp; K\u00ednai N\u00e9pk\u00f6zt\u00e1rsas\u00e1g&nbsp; k\u00f6z\u00f6tt&nbsp;\naz&nbsp; \u201eEur\u00f3pai&nbsp; Uni\u00f3&nbsp; \u2013&nbsp; az&nbsp;\negyes&nbsp; baromfih\u00fas-k\u00e9sz\u00edtm\u00e9nyekre&nbsp; vonatkoz\u00f3 v\u00e1mkedvezm\u00e9nyeket&nbsp; \u00e9rint\u0151&nbsp;\nint\u00e9zked\u00e9sek\u201d&nbsp; t\u00e1rgy\u00fa&nbsp; DS492&nbsp;\nsz\u00e1m\u00fa&nbsp; elj\u00e1r\u00e1ssal&nbsp; kapcsolatos, lev\u00e9lv\u00e1lt\u00e1s form\u00e1j\u00e1ban l\u00e9trej\u00f6tt\nmeg\u00e1llapod\u00e1snak az Uni\u00f3 nev\u00e9ben t\u00f6rt\u00e9n\u0151 meg-k\u00f6t\u00e9s\u00e9r\u0151l <\/p>\n\n\n\n<p>\u2022 Meg\u00e1llapod\u00e1s&nbsp;\nlev\u00e9lv\u00e1lt\u00e1s&nbsp; form\u00e1j\u00e1ban&nbsp; az&nbsp;\nEur\u00f3pai&nbsp; Uni\u00f3&nbsp; \u00e9s&nbsp;\na&nbsp; K\u00ednai&nbsp; N\u00e9pk\u00f6zt\u00e1rsas\u00e1g&nbsp; k\u00f6z\u00f6tt&nbsp;\naz \u201eEur\u00f3pai&nbsp; Uni\u00f3&nbsp; \u2013&nbsp;\naz&nbsp; egyes&nbsp; baromfih\u00fas-k\u00e9sz\u00edtm\u00e9nyekre&nbsp; vonatkoz\u00f3&nbsp;\nv\u00e1mkedvezm\u00e9nyeket&nbsp; \u00e9rint\u0151 int\u00e9zked\u00e9sek\u201d\nt\u00e1rgy\u00fa DS492 sz\u00e1m\u00fa elj\u00e1r\u00e1ssal kapcsolatban<\/p>\n\n\n\n<p><strong>L&nbsp; 31.<\/strong><\/p>\n\n\n\n<p>A Bizotts\u00e1g (EU) 2019\/159 v\u00e9grehajt\u00e1si rendelete\n(2019. janu\u00e1r 31.) az egyes ac\u00e9lterm\u00e9kek behozatal\u00e1ra vonatkoz\u00f3 v\u00e9gleges\nv\u00e9dint\u00e9zked\u00e9sek bevezet\u00e9s\u00e9r\u0151l<\/p>\n\n\n\n<p><strong>L&nbsp; 32.<\/strong><\/p>\n\n\n\n<p>Az&nbsp; ESA\u2013EU&nbsp; V\u00e1megy\u00fcttm\u0171k\u00f6d\u00e9si&nbsp; Bizotts\u00e1g&nbsp;\n1\/2019&nbsp; hat\u00e1rozata&nbsp; (2019.&nbsp;\njanu\u00e1r&nbsp; 14.)&nbsp; az egyr\u00e9szr\u0151l a kelet- \u00e9s d\u00e9l-afrikai\n\u00e1llamok, m\u00e1sr\u00e9szr\u0151l az Eur\u00f3pai K\u00f6z\u00f6ss\u00e9g \u00e9s tag\u00e1llamai k\u00f6z\u00f6tti gazdas\u00e1gi&nbsp; partners\u00e9gi&nbsp;\nmeg\u00e1llapod\u00e1s&nbsp; kereteinek&nbsp; l\u00e9trehoz\u00e1s\u00e1r\u00f3l&nbsp; sz\u00f3l\u00f3&nbsp;\n\u00e1tmeneti&nbsp; meg\u00e1llapod\u00e1s&nbsp; 1. jegyz\u0151k\u00f6nyv\u00e9ben&nbsp; meg\u00e1llap\u00edtott&nbsp;\nsz\u00e1rmaz\u00e1si&nbsp; szab\u00e1lyokt\u00f3l&nbsp; a&nbsp; Mauritiuson&nbsp; a&nbsp;\ns\u00f3zott&nbsp; barrakuda vonatkoz\u00e1s\u00e1ban\nfenn\u00e1ll\u00f3 k\u00fcl\u00f6nleges helyzet figyelembev\u00e9tele \u00e9rdek\u00e9ben t\u00f6rt\u00e9n\u0151 elt\u00e9r\u00e9sr\u0151l<\/p>\n\n\n\n<p><strong>L&nbsp; 34.<\/strong><\/p>\n\n\n\n<p>Meg\u00e1llapod\u00e1s&nbsp;\nlev\u00e9lv\u00e1lt\u00e1s&nbsp; form\u00e1j\u00e1ban&nbsp; az&nbsp;\negyr\u00e9szr\u0151l&nbsp; az&nbsp; Eur\u00f3pai&nbsp;\nK\u00f6z\u00f6ss\u00e9gek&nbsp; \u00e9s&nbsp; azok tag\u00e1llamai,&nbsp; m\u00e1sr\u00e9szr\u0151l&nbsp;\na&nbsp; Marokk\u00f3i&nbsp; Kir\u00e1lys\u00e1g&nbsp;\nk\u00f6z\u00f6tti&nbsp; t\u00e1rsul\u00e1st&nbsp; l\u00e9trehoz\u00f3&nbsp;\neuromediterr\u00e1n meg\u00e1llapod\u00e1s 1. \u00e9s 4. jegyz\u0151k\u00f6nyv\u00e9nek m\u00f3dos\u00edt\u00e1s\u00e1r\u00f3l az\nEur\u00f3pai Uni\u00f3 \u00e9s a Marokk\u00f3i Kir\u00e1lys\u00e1g k\u00f6z\u00f6tt<\/p>\n\n\n\n<p><strong>L&nbsp; 35.<\/strong><\/p>\n\n\n\n<p>Az&nbsp;\nEU\u2013Jap\u00e1n&nbsp; bor&nbsp; munkacsoport&nbsp;\n1\/2019&nbsp; sz.&nbsp; hat\u00e1rozata&nbsp;\n(2019.&nbsp; febru\u00e1r&nbsp; 1.)&nbsp;\na&nbsp; Jap\u00e1nb\u00f3l sz\u00e1rmaz\u00f3&nbsp; bor\u00e1szati&nbsp;\nterm\u00e9keknek&nbsp; az&nbsp; Eur\u00f3pai&nbsp;\nUni\u00f3ba&nbsp; ir\u00e1nyul\u00f3&nbsp; importj\u00e1ra&nbsp;\nvonatkoz\u00f3 tan\u00fas\u00edtv\u00e1nyokra&nbsp;\nalkalmazand\u00f3&nbsp;\nformanyomtatv\u00e1nyokr\u00f3l&nbsp; \u00e9s &nbsp;az&nbsp; \u00f6ntan\u00fas\u00edt\u00e1s&nbsp; m\u00f3dozatair\u00f3l [2019\/224]<\/p>\n\n\n\n<p><strong>L 38.<\/strong><\/p>\n\n\n\n<p>Az Eur\u00f3pai Parlament \u00e9s a Tan\u00e1cs (EU) 2019\/216 rendelete\n(2019. janu\u00e1r 30.) az Uni\u00f3 WTO engedm\u00e9nyes list\u00e1j\u00e1ban szerepl\u0151\nv\u00e1mkontingenseknek az Egyes\u00fclt Kir\u00e1lys\u00e1g Uni\u00f3b\u00f3l val\u00f3 kil\u00e9p\u00e9se miatt sz\u00fcks\u00e9ges\nar\u00e1nyos feloszt\u00e1s\u00e1r\u00f3l \u00e9s a 32\/2000\/EK tan\u00e1csi rendelet m\u00f3dos\u00edt\u00e1s\u00e1r\u00f3l<\/p>\n\n\n\n<p><strong>L 40.<\/strong><\/p>\n\n\n\n<p>\u2022 A Bizotts\u00e1g (EU) 2019\/244 v\u00e9grehajt\u00e1si rendelete\n(2019. febru\u00e1r 11.) az Argent\u00edn\u00e1b\u00f3l sz\u00e1rmaz\u00f3 biod\u00edzel behozatal\u00e1ra vonatkoz\u00f3\nv\u00e9gleges kiegyenl\u00edt\u0151 v\u00e1m kivet\u00e9s\u00e9r\u0151l <\/p>\n\n\n\n<p>\u2022 A Bizotts\u00e1g (EU) 2019\/245 v\u00e9grehajt\u00e1si hat\u00e1rozata\n(2019. febru\u00e1r 11.) az Argent\u00edn\u00e1b\u00f3l sz\u00e1rmaz\u00f3 biod\u00edzel&nbsp; behozatal\u00e1ra&nbsp;\nvonatkoz\u00f3&nbsp; v\u00e9gleges&nbsp; kiegyenl\u00edt\u0151&nbsp;\nv\u00e1m&nbsp; kivet\u00e9s\u00e9t&nbsp; k\u00f6vet\u0151en&nbsp;\nfelaj\u00e1nlott k\u00f6telezetts\u00e9gv\u00e1llal\u00e1sok elfogad\u00e1s\u00e1r\u00f3l<\/p>\n\n\n\n<p><strong>C 55.<\/strong><\/p>\n\n\n\n<p>A Bizotts\u00e1g v\u00e9grehajt\u00e1si hat\u00e1rozata (2019. febru\u00e1r\n11.) a Kambodzsai Kir\u00e1lys\u00e1gnak ny\u00fajtott tarif\u00e1lis&nbsp; preferenci\u00e1knak&nbsp; a&nbsp;\n978\/2012\/EU&nbsp; rendelet&nbsp; 19.&nbsp;\ncikke&nbsp; szerinti&nbsp; ideiglenes&nbsp;\nvisszavon\u00e1s\u00e1ra vonatkoz\u00f3 elj\u00e1r\u00e1s megind\u00edt\u00e1s\u00e1r\u00f3l<\/p>\n\n\n\n<p><strong>L 42.<\/strong><\/p>\n\n\n\n<p>\u2022 A&nbsp;\nBizotts\u00e1g&nbsp; (EU)&nbsp; 2019\/249&nbsp;\nv\u00e9grehajt\u00e1si&nbsp; rendelete&nbsp; (2019.&nbsp;\nfebru\u00e1r&nbsp; 12.)&nbsp; az&nbsp;\n\u00e1ltal\u00e1nos&nbsp; tarif\u00e1lis preferenci\u00e1k&nbsp; rendszer\u00e9nek&nbsp;\nalkalmaz\u00e1s\u00e1r\u00f3l&nbsp; sz\u00f3l\u00f3&nbsp; 978\/2012\/EU&nbsp;\nrendeletnek&nbsp; megfelel\u0151en&nbsp; a 2020\u20132022&nbsp;\nk\u00f6z\u00f6tti&nbsp; id\u0151szakra &nbsp;vonatkoz\u00f3an&nbsp;\negyes&nbsp; GSP-kedvezm\u00e9nyezett&nbsp; orsz\u00e1gok&nbsp;\ntarif\u00e1lis preferenci\u00e1inak egyes GSP-\u00e1ruoszt\u00e1lyok tekintet\u00e9ben t\u00f6rt\u00e9n\u0151\nfelf\u00fcggeszt\u00e9s\u00e9r\u0151l <\/p>\n\n\n\n<p>\u2022 A Bizotts\u00e1g (EU) 2019\/251 v\u00e9grehajt\u00e1si rendelete\n(2019. febru\u00e1r 12.) a Hubei Xinyegang Steel Co.,&nbsp; Ltd&nbsp;\nbehozatal\u00e1ra&nbsp; kivetett&nbsp; v\u00e9gleges&nbsp;\nd\u00f6mpingellenes &nbsp;v\u00e1mokr\u00f3l,&nbsp; valamint&nbsp;\na&nbsp; K\u00ednai N\u00e9pk\u00f6zt\u00e1rsas\u00e1gb\u00f3l\nsz\u00e1rmaz\u00f3 egyes varrat n\u00e9lk\u00fcli vas- vagy ac\u00e9lcs\u00f6vek behozatal\u00e1ra vonatkoz\u00f3 v\u00e9gleges&nbsp; d\u00f6mpingellenes&nbsp; v\u00e1m&nbsp;\nkivet\u00e9s\u00e9r\u0151l&nbsp; sz\u00f3l\u00f3&nbsp; (EU)&nbsp;\n2015\/2272&nbsp; v\u00e9grehajt\u00e1si&nbsp; rendelet m\u00f3dos\u00edt\u00e1s\u00e1r\u00f3l<\/p>\n\n\n\n<p><strong>C&nbsp; 58.<\/strong><\/p>\n\n\n\n<p>\u00c9rtes\u00edt\u00e9s&nbsp;\na&nbsp; K\u00ednai&nbsp; N\u00e9pk\u00f6zt\u00e1rsas\u00e1gb\u00f3l&nbsp; \u00e9s&nbsp;\nIndon\u00e9zi\u00e1b\u00f3l&nbsp; sz\u00e1rmaz\u00f3&nbsp; n\u00e1trium-ciklam\u00e1t&nbsp; Uni\u00f3ba ir\u00e1nyul\u00f3 behozatal\u00e1ra vonatkoz\u00f3\nhat\u00e1lyos d\u00f6mpingellenes int\u00e9zked\u00e9sekr\u0151l: egyedi v\u00e1mt\u00e9tel hat\u00e1lya al\u00e1 tartoz\u00f3\nv\u00e1llalat c\u00edm\u00e9nek megv\u00e1ltoztat\u00e1sa<\/p>\n\n\n\n<p><strong>L 44. <\/strong><\/p>\n\n\n\n<p>\u2022 A Bizotts\u00e1g (EU) 2019\/260 v\u00e9grehajt\u00e1si rendelete a\n180\/2014\/EU v\u00e9grehajt\u00e1si rendeletnek az Uni\u00f3&nbsp;\negyes&nbsp; legk\u00fcls\u0151&nbsp; r\u00e9gi\u00f3i&nbsp;\n\u00e9s&nbsp; az&nbsp; Egyes\u00fclt&nbsp;\nKir\u00e1lys\u00e1g&nbsp; k\u00f6z\u00f6tti&nbsp; hagyom\u00e1nyos&nbsp;\nkereskedelmi folyamatok mennyis\u00e9geinek tekintet\u00e9ben t\u00f6rt\u00e9n\u0151\nm\u00f3dos\u00edt\u00e1s\u00e1r\u00f3l <\/p>\n\n\n\n<p>\u2022 A&nbsp;\nBizotts\u00e1g&nbsp; (EU)&nbsp; 2019\/261&nbsp;\nv\u00e9grehajt\u00e1si&nbsp; rendelete&nbsp; a&nbsp;\nK\u00ednai&nbsp; N\u00e9pk\u00f6zt\u00e1rsas\u00e1gb\u00f3l&nbsp; sz\u00e1rmaz\u00f3&nbsp;\negyes \u00f6nt\u00f6ttvas&nbsp; \u00e1ruk&nbsp; behozatal\u00e1ra&nbsp;\nvonatkoz\u00f3&nbsp; v\u00e9gleges&nbsp; d\u00f6mpingellenes&nbsp; v\u00e1m&nbsp;\nkivet\u00e9s\u00e9r\u0151l&nbsp; \u00e9s&nbsp; a&nbsp;\nkivetett ideiglenes&nbsp; v\u00e1m&nbsp; v\u00e9gleges&nbsp;\nbeszed\u00e9s\u00e9r\u0151l,&nbsp; valamint&nbsp; az&nbsp;\nIndi\u00e1b\u00f3l&nbsp; sz\u00e1rmaz\u00f3&nbsp; egyes&nbsp;\n\u00f6nt\u00f6ttvas&nbsp; \u00e1ruk behozatal\u00e1ra\nvonatkoz\u00f3 vizsg\u00e1lat meg-sz\u00fcntet\u00e9s\u00e9r\u0151l sz\u00f3l\u00f3 (EU)&nbsp;2018\/140 v\u00e9grehajt\u00e1si\nrendelet m\u00f3dos\u00edt\u00e1s\u00e1r\u00f3l <\/p>\n\n\n\n<p>\u2022 A&nbsp;\nBizotts\u00e1g&nbsp; (EU)&nbsp; 2019\/262&nbsp;\nv\u00e9grehajt\u00e1si&nbsp; rendelete&nbsp; a&nbsp;\nK\u00ednai&nbsp; N\u00e9pk\u00f6zt\u00e1rsas\u00e1gb\u00f3l&nbsp; \u00e9s&nbsp;\nThaif\u00f6ldr\u0151l sz\u00e1rmaz\u00f3&nbsp;\nmenetelt&nbsp; temper\u00f6ntv\u00e9ny&nbsp; cs\u0151szerelv\u00e9nyek&nbsp; \u00e9s&nbsp;\n-illeszt\u00e9sek&nbsp; behozatal\u00e1ra&nbsp; vonatkoz\u00f3 v\u00e9gleges&nbsp; d\u00f6mpingellenes&nbsp; v\u00e1m&nbsp;\nkivet\u00e9s\u00e9r\u0151l&nbsp; \u00e9s&nbsp; a&nbsp;\nkivetett&nbsp; ideiglenes&nbsp; v\u00e1m&nbsp;\nv\u00e9gleges&nbsp; beszed\u00e9s\u00e9r\u0151l, valamint&nbsp; Indon\u00e9zia&nbsp;\ntekintet\u00e9ben&nbsp; az&nbsp; elj\u00e1r\u00e1s&nbsp;\nmegsz\u00fcntet\u00e9s\u00e9r\u0151l&nbsp; sz\u00f3l\u00f3&nbsp; 430\/2013\/EU&nbsp;\ntan\u00e1csi v\u00e9grehajt\u00e1si rendelet m\u00f3dos\u00edt\u00e1s\u00e1r\u00f3l <\/p>\n\n\n\n<p>\u2022 A&nbsp;\nBizotts\u00e1g&nbsp; (EU)&nbsp; 2019\/266&nbsp;\nv\u00e9grehajt\u00e1si&nbsp; hat\u00e1rozata&nbsp; a&nbsp; Malajzi\u00e1b\u00f3l&nbsp; sz\u00e1rmaz\u00f3&nbsp;\nszol\u00e1r\u00fcveg behozatal\u00e1ra vonatkoz\u00f3 d\u00f6mpingellenes elj\u00e1r\u00e1s\nmegsz\u00fcntet\u00e9s\u00e9r\u0151l<\/p>\n\n\n\n<p><strong>C&nbsp; 60.<\/strong><\/p>\n\n\n\n<p>\u00c9rtes\u00edt\u00e9s&nbsp;\na&nbsp; K\u00ednai&nbsp; N\u00e9pk\u00f6zt\u00e1rsas\u00e1gb\u00f3l&nbsp; sz\u00e1rmaz\u00f3&nbsp;\nk\u00f6z\u00fati&nbsp; ac\u00e9lkerekek&nbsp; behozatal\u00e1ra&nbsp;\nvonatkoz\u00f3 d\u00f6mpingellenes elj\u00e1r\u00e1s megind\u00edt\u00e1s\u00e1r\u00f3l<\/p>\n\n\n\n<p><strong>L 48.<\/strong><\/p>\n\n\n\n<p>A Bizotts\u00e1g (EU) 2019\/294 v\u00e9grehajt\u00e1si hat\u00e1rozata\n(2019. febru\u00e1r 18.) a kuty\u00e1k, macsk\u00e1k \u00e9s g\u00f6r\u00e9nyek&nbsp; Uni\u00f3ba&nbsp;\nt\u00f6rt\u00e9n\u0151&nbsp; behozatal\u00e1ra&nbsp; enged\u00e9llyel&nbsp;\nrendelkez\u0151&nbsp; ter\u00fcletek&nbsp; \u00e9s&nbsp;\nharmadik&nbsp; orsz\u00e1gok jegyz\u00e9ke,&nbsp; tov\u00e1bb\u00e1&nbsp;\naz&nbsp; ezen&nbsp; \u00e1llatok&nbsp;\nbehozatal\u00e1ra&nbsp; vonatkoz\u00f3&nbsp; \u00e1llateg\u00e9szs\u00e9g\u00fcgyi&nbsp; bizony\u00edtv\u00e1nyminta meghat\u00e1roz\u00e1s\u00e1r\u00f3l<\/p>\n\n\n\n<p><strong>L 50.&nbsp; <\/strong><\/p>\n\n\n\n<p>\u2022 A Bizotts\u00e1g (EU) 2019\/297 v\u00e9grehajt\u00e1si rendelete a\nK\u00ednai N\u00e9pk\u00f6zt\u00e1rsas\u00e1gb\u00f3l sz\u00e1rmaz\u00f3 puh\u00edtott b\u0151r&nbsp;\nbehozatal\u00e1ra&nbsp; vonatkoz\u00f3&nbsp; v\u00e9gleges&nbsp;\nd\u00f6mpingellenes&nbsp; v\u00e1mnak&nbsp; az&nbsp;\n(EU)&nbsp; 2016\/1036&nbsp; eur\u00f3pai parlamenti \u00e9s tan\u00e1csi rendelet 11.\ncikk\u00e9nek (2) bekezd\u00e9se szerinti hat\u00e1lyveszt\u00e9si fel\u00fclvizsg\u00e1latot k\u00f6vet\u0151\nkivet\u00e9s\u00e9r\u0151l <\/p>\n\n\n\n<p>\u2022 A Bizotts\u00e1g (EU) 2019\/298 v\u00e9grehajt\u00e1si rendelete a\n798\/2008\/EK rendelet I. mell\u00e9klet\u00e9nek az egyes baromfi\u00e1ruk Uni\u00f3ba t\u00f6rt\u00e9n\u0151\nbehozatala vagy Uni\u00f3n kereszt\u00fcl t\u00f6rt\u00e9n\u0151 \u00e1tsz\u00e1ll\u00edt\u00e1sa c\u00e9lj\u00e1b\u00f3l enged\u00e9lyezett&nbsp; harmadik&nbsp;\norsz\u00e1gok,&nbsp; ter\u00fcletek,&nbsp; \u00f6vezetek&nbsp;\n\u00e9s&nbsp; ter\u00fcleti&nbsp; egys\u00e9gek&nbsp;\njegyz\u00e9k\u00e9ben&nbsp; a Belaruszra,&nbsp; Bosznia-Hercegovin\u00e1ra&nbsp; \u00e9s&nbsp;\nJap\u00e1nra&nbsp; vonatkoz\u00f3&nbsp; bejegyz\u00e9s&nbsp;\ntekintet\u00e9ben&nbsp; t\u00f6rt\u00e9n\u0151 m\u00f3dos\u00edt\u00e1s\u00e1r\u00f3l<\/p>\n\n\n\n<p><strong>C 68.&nbsp; <\/strong><\/p>\n\n\n\n<p>\u2022 \u00c9rtes\u00edt\u00e9s&nbsp;\na&nbsp; K\u00ednai&nbsp; N\u00e9pk\u00f6zt\u00e1rsas\u00e1gb\u00f3l&nbsp; \u00e9s&nbsp; az&nbsp; Egyiptomb\u00f3l&nbsp;\nsz\u00e1rmaz\u00f3 &nbsp;egyes&nbsp; sz\u0151tt&nbsp;\n\u00e9s\/vagy&nbsp; t\u0171z\u00f6tt \u00fcvegrost sz\u00f6vetek\nbehozatal\u00e1ra vonatkoz\u00f3 d\u00f6mpingellenes elj\u00e1r\u00e1s megind\u00edt\u00e1s\u00e1r\u00f3l <\/p>\n\n\n\n<p>\u2022 \u00c9rtes\u00edt\u00e9s egyes d\u00f6mpingellenes int\u00e9zked\u00e9sek hat\u00e1lyveszt\u00e9s\u00e9r\u0151l<\/p>\n\n\n\n<p><strong>T\u00e1j\u00e9koztat\u00f3\na NAV honlapj\u00e1r\u00f3l<\/strong><\/p>\n\n\n\n<p>\u2022 \u00datmutat\u00f3k\naz EU-Jap\u00e1n Gazdas\u00e1gi Partners\u00e9gi Meg\u00e1llapod\u00e1s alkalmaz\u00e1s\u00e1hoz<\/p>\n\n\n\n<p>\u2022 A NAV K\u00f6zponti\nIr\u00e1ny\u00edt\u00e1sa V\u00e1m F\u0151oszt\u00e1lya f\u0151oszt\u00e1lyvezet\u0151je \u00e1ltal kiadott 7002\/2019. felh\u00edv\u00e1s az\nEnged\u00e9lyezett Gazd\u00e1lkod\u00f3kkal (AEO) t\u00f6rt\u00e9n\u0151 egyes kock\u00e1zati inform\u00e1ci\u00f3k\nmegoszt\u00e1s\u00e1r\u00f3l <\/p>\n\n\n\n<p>\u2022\nMegjelent az \u00e1lland\u00f3 k\u00e9pviseleti jogosults\u00e1g bejelent\u00e9s\u00e9re szolg\u00e1l\u00f3 2019-es EGYKE\nadatlap<\/p>\n\n\n\n<p>\u2022\nRegisztr\u00e1lt Export\u0151ri Rendszer&nbsp; <\/p>\n\n\n\n<p>\u2022 A NAV\nK\u00f6zponti Ir\u00e1ny\u00edt\u00e1sa V\u00e1m F\u0151oszt\u00e1ly f\u0151oszt\u00e1lyvezet\u0151je \u00e1ltal kiadott 7003\/2019.\nfelh\u00edv\u00e1s a Brexit&nbsp; \u00e1ll\u00e1s\u00e1r\u00f3l&nbsp; a&nbsp;\nkett\u0151s&nbsp; felhaszn\u00e1l\u00e1s\u00fa&nbsp; term\u00e9kek&nbsp;\nEgyes\u00fclt&nbsp; Kir\u00e1lys\u00e1gba&nbsp; ir\u00e1nyul\u00f3&nbsp;\nkivitel\u00e9vel \u00f6sszef\u00fcgg\u00e9sben<\/p>\n\n\n\n<p>3003\/2019.NAV&nbsp; \u00fatmutat\u00f3&nbsp;\na v\u00e1mjogszab\u00e1lyokban meghat\u00e1rozott szankci\u00f3k alkalmaz\u00e1s\u00e1r\u00f3l&nbsp; <\/p>\n","protected":false},"excerpt":{"rendered":"<p>T\u00e1j\u00e9koztatom, hogy v\u00e1mjoggal, j\u00f6ved\u00e9kkel, k\u00f6rnyezet-, munka-, t\u0171zv\u00e9delemmel, hullad\u00e9kgazd\u00e1lkod\u00e1ssal \u00e9s k\u00f6rnyezetv\u00e9delmi term\u00e9kd\u00edjjal kapcsolatban az al\u00e1bbi jogszab\u00e1lyok l\u00e9ptek \u00e9letbe, vagy m\u00f3dosultak 2019. febru\u00e1r 01-t\u0151l 2019. febru\u00e1r 28-ig. V\u00e1mmal kapcsolatos jogszab\u00e1lyfigyel\u0151 AZ EU HIVATALOS LAPJ\u00c1B\u00d3L L 24. Lev\u00e9lv\u00e1lt\u00e1s form\u00e1j\u00e1ban l\u00e9trej\u00f6tt meg\u00e1llapod\u00e1s az Eur\u00f3pai Uni\u00f3 \u00e9s a Norv\u00e9g Kir\u00e1lys\u00e1g k\u00f6z\u00f6tt az&nbsp; \u00e1ltal\u00e1nos&nbsp; tarif\u00e1lis&nbsp; preferenciarendszer&nbsp; keret\u00e9ben&nbsp; az&nbsp; Eur\u00f3pai&nbsp; Uni\u00f3, &nbsp;a&nbsp; [&hellip;]<\/p>\n","protected":false},"author":2,"featured_media":0,"comment_status":"open","ping_status":"closed","sticky":false,"template":"","format":"standard","meta":{"footnotes":""},"categories":[39],"tags":[],"_links":{"self":[{"href":"https:\/\/vamor.hu\/en\/wp-json\/wp\/v2\/posts\/3942"}],"collection":[{"href":"https:\/\/vamor.hu\/en\/wp-json\/wp\/v2\/posts"}],"about":[{"href":"https:\/\/vamor.hu\/en\/wp-json\/wp\/v2\/types\/post"}],"author":[{"embeddable":true,"href":"https:\/\/vamor.hu\/en\/wp-json\/wp\/v2\/users\/2"}],"replies":[{"embeddable":true,"href":"https:\/\/vamor.hu\/en\/wp-json\/wp\/v2\/comments?post=3942"}],"version-history":[{"count":0,"href":"https:\/\/vamor.hu\/en\/wp-json\/wp\/v2\/posts\/3942\/revisions"}],"wp:attachment":[{"href":"https:\/\/vamor.hu\/en\/wp-json\/wp\/v2\/media?parent=3942"}],"wp:term":[{"taxonomy":"category","embeddable":true,"href":"https:\/\/vamor.hu\/en\/wp-json\/wp\/v2\/categories?post=3942"},{"taxonomy":"post_tag","embeddable":true,"href":"https:\/\/vamor.hu\/en\/wp-json\/wp\/v2\/tags?post=3942"}],"curies":[{"name":"wp","href":"https:\/\/api.w.org\/{rel}","templated":true}]}}