{"id":3993,"date":"2019-07-24T13:55:20","date_gmt":"2019-07-24T13:55:20","guid":{"rendered":"https:\/\/vamor.hu\/?p=3993"},"modified":"2019-07-24T13:55:20","modified_gmt":"2019-07-24T13:55:20","slug":"jogszabalyvaltozas-2019-junius-2","status":"publish","type":"post","link":"https:\/\/vamor.hu\/en\/jogszabalyvaltozas-2019-junius-2\/","title":{"rendered":"Jogszab\u00e1lyv\u00e1ltoz\u00e1s 2019. j\u00fanius"},"content":{"rendered":"\n<figure class=\"wp-block-image\"><img decoding=\"async\" src=\"https:\/\/vamor.hu\/wp-content\/uploads\/2019\/01\/tiszteltvasarlo.hu_.jpg\" alt=\"\" class=\"wp-image-3910\"\/><\/figure>\n\n\n\n<p>T\u00e1j\u00e9koztatom, hogy v\u00e1mjoggal, j\u00f6ved\u00e9kkel, k\u00f6rnyezet-, munka-, t\u0171zv\u00e9delemmel, hullad\u00e9kgazd\u00e1lkod\u00e1ssal \u00e9s k\u00f6rnyezetv\u00e9delmi term\u00e9kd\u00edjjal kapcsolatban az al\u00e1bbi jogszab\u00e1lyok l\u00e9ptek \u00e9letbe, vagy m\u00f3dosultak <strong>2019. j\u00fanius 01-t\u0151l 2019. j\u00fanius 30-ig<\/strong>.<\/p>\n\n\n\n<p><strong>V\u00e1mmal kapcsolatos jogszab\u00e1lyfigyel\u0151 <\/strong><\/p>\n\n\n\n<p>AZ EU HIVATALOS LAPJ\u00c1B\u00d3L<\/p>\n\n\n\n<p><strong>L&nbsp; 146.<\/strong><\/p>\n\n\n\n<p>A&nbsp;\nBizotts\u00e1g&nbsp; (EU)&nbsp; 2019\/915&nbsp;\nv\u00e9grehajt\u00e1si&nbsp; rendelete&nbsp; a&nbsp; K\u00ednai&nbsp; N\u00e9pk\u00f6zt\u00e1rsas\u00e1gb\u00f3l&nbsp; sz\u00e1rmaz\u00f3 egyes alum\u00edniumf\u00f3lia-tekercsek\nbehozatal\u00e1ra vonatkoz\u00f3 v\u00e9gleges d\u00f6mpingellenes v\u00e1mnak az (EU) 2016\/1036 eur\u00f3pai\nparlamenti \u00e9s tan\u00e1csi rendelet 11. cikk\u00e9nek (2) bekezd\u00e9se szerinti\nhat\u00e1lyveszt\u00e9si fel\u00fclvizsg\u00e1latot k\u00f6vet\u0151 kivet\u00e9s\u00e9r\u0151l<\/p>\n\n\n\n<p><strong>L&nbsp; 148.<\/strong><\/p>\n\n\n\n<p>A&nbsp;\nBizotts\u00e1g&nbsp; (EU)&nbsp; 2019\/921-928&nbsp;\nv\u00e9grehajt\u00e1si&nbsp; rendeletei&nbsp; egyes&nbsp;\n\u00e1ruk&nbsp; Kombin\u00e1lt <\/p>\n\n\n\n<p>N\u00f3menklat\u00fara szerinti besorol\u00e1s\u00e1r\u00f3l<\/p>\n\n\n\n<p><strong>L&nbsp; 149.<\/strong><\/p>\n\n\n\n<p>A&nbsp;\nP\u00c1N-EUROMEDITERR\u00c1N&nbsp;\nPREFERENCI\u00c1LIS&nbsp; SZ\u00c1RMAZ\u00c1SI&nbsp; SZAB\u00c1LYOKR\u00d3L&nbsp;\nSZ\u00d3L\u00d3 REGION\u00c1LIS EGYEZM\u00c9NNYEL L\u00c9TREHOZOTT VEGYES BIZOTTS\u00c1G 2\/2017\nHAT\u00c1ROZATA&nbsp; a&nbsp; p\u00e1n-euromediterr\u00e1n&nbsp; preferenci\u00e1lis&nbsp; sz\u00e1rmaz\u00e1si&nbsp;\nszab\u00e1lyokr\u00f3l&nbsp; sz\u00f3l\u00f3&nbsp; region\u00e1lis&nbsp;\negyezm\u00e9ny&nbsp; II. f\u00fcggel\u00e9ke\nrendelkez\u00e9seinek a Moldovai K\u00f6zt\u00e1rsas\u00e1gra \u00e9s az Eur\u00f3pai Uni\u00f3 stabiliz\u00e1ci\u00f3s \u00e9s\nt\u00e1rsul\u00e1si folyamat\u00e1ban r\u00e9szt vev\u0151 orsz\u00e1gokra is kiterjed\u0151 K\u00f6z\u00e9p-eur\u00f3pai Szabadkereskedelmi\nMeg\u00e1llapod\u00e1s (CEFTA)&nbsp; hat\u00e1lya&nbsp; al\u00e1&nbsp;\ntartoz\u00f3&nbsp; kereskedelemben&nbsp; a&nbsp;\nv\u00e1mvisszat\u00e9r\u00edt\u00e9s&nbsp; \u00e9s&nbsp; a&nbsp;\nteljes&nbsp; kumul\u00e1ci\u00f3 lehet\u0151s\u00e9g\u00e9nek\nbevezet\u00e9se r\u00e9v\u00e9n t\u00f6rt\u00e9n\u0151 m\u00f3dos\u00edt\u00e1s\u00e1r\u00f3l<\/p>\n\n\n\n<p><strong>L 151.<\/strong><\/p>\n\n\n\n<p>AZ EUR\u00d3PAI PARLAMENT \u00c9S A TAN\u00c1CS(EU) 2019\/880\nRENDELETE a kultur\u00e1lis javak bejuttat\u00e1s\u00e1r\u00f3l \u00e9s behozatal\u00e1r\u00f3l<\/p>\n\n\n\n<p><strong>L 157. <\/strong><\/p>\n\n\n\n<p>Helyesb\u00edt\u00e9s egyes hal\u00e1szati term\u00e9kekre vonatkoz\u00f3 auton\u00f3m\nuni\u00f3s v\u00e1mkontingensek 2019&nbsp; \u00e9s&nbsp; 2020&nbsp;\nk\u00f6z\u00f6tti&nbsp; id\u0151szakra&nbsp; val\u00f3&nbsp;\nmegnyit\u00e1s\u00e1r\u00f3l&nbsp; \u00e9s&nbsp; kezel\u00e9s\u00e9r\u0151l&nbsp;\nsz\u00f3l\u00f3,&nbsp; 2018. december 11-i (EU)\n2018\/1977 tan\u00e1csi rendelethez<\/p>\n\n\n\n<p><strong>C&nbsp; 203.<\/strong><\/p>\n\n\n\n<p>Helyesb\u00edt\u00e9s&nbsp;\naz&nbsp; egyes&nbsp; ac\u00e9lterm\u00e9kek&nbsp;\nbehozatal\u00e1ra&nbsp; vonatkoz\u00f3&nbsp; v\u00e9dint\u00e9zked\u00e9sek&nbsp; fel\u00fclvizsg\u00e1lat\u00e1nak megind\u00edt\u00e1s\u00e1r\u00f3l sz\u00f3l\u00f3\n\u00e9rtes\u00edt\u00e9shez&nbsp; <\/p>\n\n\n\n<p><strong>L 163. <\/strong><\/p>\n\n\n\n<p>\u2022 A&nbsp; Tan\u00e1cs&nbsp; (EU)&nbsp;\n2019\/998&nbsp; rendelete&nbsp; (2019.&nbsp;\nj\u00fanius&nbsp; 13.)&nbsp; az&nbsp;\nUni\u00f3nak&nbsp; az&nbsp; egyes&nbsp;\nmez\u0151gazdas\u00e1gi&nbsp; \u00e9s ipari&nbsp; term\u00e9kekre&nbsp;\nvonatkoz\u00f3&nbsp; auton\u00f3m&nbsp; v\u00e1mkontingensei&nbsp; megnyit\u00e1s\u00e1r\u00f3l&nbsp;\n\u00e9s&nbsp; kezel\u00e9s\u00e9r\u0151l&nbsp; sz\u00f3l\u00f3 1388\/2013\/EU rendelet m\u00f3dos\u00edt\u00e1s\u00e1r\u00f3l <\/p>\n\n\n\n<p>\u2022 A Tan\u00e1cs (EU) 2019\/999 rendelete (2019. j\u00fanius 13.)\naz egyes mez\u0151gazdas\u00e1gi \u00e9s ipari term\u00e9kek tekintet\u00e9ben&nbsp; a&nbsp;\nk\u00f6z\u00f6s&nbsp; v\u00e1mtarif\u00e1ban&nbsp; r\u00f6gz\u00edtett&nbsp;\nauton\u00f3m&nbsp; v\u00e1mt\u00e9telek &nbsp;felf\u00fcggeszt\u00e9s\u00e9r\u0151l&nbsp; sz\u00f3l\u00f3 1387\/2013\/EU rendelet m\u00f3dos\u00edt\u00e1s\u00e1r\u00f3l <\/p>\n\n\n\n<p>\u2022 A Bizotts\u00e1g (EU) 2019\/1005 v\u00e9grehajt\u00e1si hat\u00e1rozata\n(2019. j\u00fanius 19.) a Nicaragu\u00e1b\u00f3l sz\u00e1rmaz\u00f3 ban\u00e1n&nbsp; behozatal\u00e1ra&nbsp;\nalkalmazott&nbsp; kedvezm\u00e9nyes&nbsp; v\u00e1mt\u00e9telek&nbsp;\nideiglenes&nbsp; felf\u00fcggeszt\u00e9se&nbsp; nem hely\u00e9nval\u00f3 volt\u00e1nak meg\u00e1llap\u00edt\u00e1s\u00e1r\u00f3l<\/p>\n\n\n\n<p><strong>C 209. <\/strong><\/p>\n\n\n\n<p>\u2022 \u00c9rtes\u00edt\u00e9s egyes szubvenci\u00f3ellenes int\u00e9zked\u00e9sek\nhat\u00e1lyveszt\u00e9s\u00e9r\u0151l <\/p>\n\n\n\n<p>\u2022 \u00c9rtes\u00edt\u00e9s&nbsp;\naz&nbsp; Indi\u00e1b\u00f3l&nbsp; behozott&nbsp;\nalak\u00edthat\u00f3&nbsp; \u00f6nt\u00f6ttvasb\u00f3l&nbsp; (m\u00e1s&nbsp;\nn\u00e9ven&nbsp; g\u00f6mbgrafitos&nbsp; \u00f6nt\u00f6ttvasb\u00f3l) k\u00e9sz\u00fclt&nbsp; cs\u00f6vekre&nbsp;\nvonatkoz\u00f3&nbsp; v\u00e9gleges&nbsp; kiegyenl\u00edt\u0151&nbsp;\nv\u00e1m,&nbsp; illetve &nbsp;v\u00e9gleges&nbsp;\nd\u00f6mpingellenes&nbsp; v\u00e1m kivet\u00e9s\u00e9r\u0151l&nbsp; sz\u00f3l\u00f3&nbsp;\n(EU)&nbsp; 2016\/387&nbsp; \u00e9s&nbsp;\n(EU)&nbsp; 2016\/388&nbsp; bizotts\u00e1gi&nbsp;\nv\u00e9grehajt\u00e1si&nbsp; rendeletekkel kapcsolatos&nbsp; T-300\/16.&nbsp;\n\u00e9s&nbsp; T-301\/16.&nbsp; sz.&nbsp;\n\u00fcgyekben&nbsp; hozott&nbsp; 2019.&nbsp;\n\u00e1prilis&nbsp; 10-i&nbsp; \u00edt\u00e9letek&nbsp;\nnyom\u00e1n&nbsp; a vizsg\u00e1latok \u00fajb\u00f3li\nmegind\u00edt\u00e1s\u00e1r\u00f3l<\/p>\n\n\n\n<p><strong>L 165. <\/strong><\/p>\n\n\n\n<p>\u2022 A Bizotts\u00e1g (EU) 2019\/1013 v\u00e9grehajt\u00e1si rendelete\n(2019. \u00e1prilis 16.) az Uni\u00f3ba bel\u00e9p\u0151, bizonyos \u00e1llat- \u00e9s \u00e1rukateg\u00f3ri\u00e1kba\ntartoz\u00f3 sz\u00e1ll\u00edtm\u00e1nyok \u00e9rkez\u00e9s\u00e9re vonatkoz\u00f3 el\u0151zetes \u00e9rtes\u00edt\u00e9sr\u0151l <\/p>\n\n\n\n<p>\u2022 A Bizotts\u00e1g (EU) 2019\/1014 v\u00e9grehajt\u00e1si rendelete\n(2019. j\u00fanius 12.) a hat\u00e1r\u00e1llom\u00e1sokra \u00e9s az azokon&nbsp; l\u00e9tes\u00edtett&nbsp;\nellen\u0151rz\u0151&nbsp; k\u00f6zpontokra&nbsp; vonatkoz\u00f3&nbsp;\nminimum-k\u00f6vetelm\u00e9nyek,&nbsp;\nvalamint&nbsp; a hat\u00e1r\u00e1llom\u00e1sok \u00e9s\nellen\u0151rz\u0151 pontok jegyz\u00e9kbe v\u00e9tel\u00e9hez alkalmazand\u00f3 form\u00e1tum, kateg\u00f3ri\u00e1k \u00e9s r\u00f6vid\u00edt\u00e9sek\nr\u00e9szletes szab\u00e1lyainak meg\u00e1llap\u00edt\u00e1s\u00e1r\u00f3l<\/p>\n\n\n\n<p><strong>L&nbsp; 167.<\/strong><\/p>\n\n\n\n<p>A&nbsp;\nBizotts\u00e1g&nbsp; (EU)&nbsp; 2019\/1026&nbsp;\nv\u00e9grehajt\u00e1si&nbsp; rendelete&nbsp; az&nbsp; Uni\u00f3s&nbsp; V\u00e1mk\u00f3dex&nbsp;\nalapj\u00e1n&nbsp; t\u00f6rt\u00e9n\u0151 inform\u00e1ci\u00f3cser\u00e9re&nbsp; \u00e9s&nbsp;\naz&nbsp; \u00e9rintett&nbsp; inform\u00e1ci\u00f3k&nbsp;\nt\u00e1rol\u00e1s\u00e1ra&nbsp; szolg\u00e1l\u00f3&nbsp; elektronikus&nbsp;\nrendszerek kifejleszt\u00e9s\u00e9nek, fenntart\u00e1s\u00e1nak \u00e9s alkalmaz\u00e1s\u00e1nak technikai\nszab\u00e1lyair\u00f3l<\/p>\n\n\n\n<p><strong>L 171. <\/strong><\/p>\n\n\n\n<p>\u2022 A&nbsp;\nBizotts\u00e1g&nbsp; (EU)&nbsp; 2019\/1081&nbsp;\nfelhatalmaz\u00e1son&nbsp; alapul\u00f3&nbsp; rendelete&nbsp;&nbsp;&nbsp;\na&nbsp; bizonyos&nbsp; fizikai ellen\u0151rz\u00e9seknek&nbsp; a&nbsp;\nhat\u00e1r\u00e1llom\u00e1sokon&nbsp; t\u00f6rt\u00e9n\u0151&nbsp; elv\u00e9gz\u00e9s\u00e9\u00e9rt&nbsp;\nfelel\u0151s&nbsp; szem\u00e9lyzet&nbsp; k\u00e9pz\u00e9s\u00e9re vonatkoz\u00f3 k\u00fcl\u00f6n\u00f6s k\u00f6vetelm\u00e9nyekkel\nkapcsolatos szab\u00e1lyok meg\u00e1llap\u00edt\u00e1s\u00e1r\u00f3l&nbsp; <\/p>\n\n\n\n<p>\u2022 A Bizotts\u00e1g (EU) 2019\/1082 v\u00e9grehajt\u00e1si rendelete\negyes \u00e1ruk Kombin\u00e1lt N\u00f3menklat\u00fara szerinti besorol\u00e1s\u00e1r\u00f3l <\/p>\n\n\n\n<p>\u2022 A Bizotts\u00e1g (EU) 2019\/1087 v\u00e9grehajt\u00e1si hat\u00e1rozata a\nK\u00ednai N\u00e9pk\u00f6zt\u00e1rsas\u00e1gb\u00f3l sz\u00e1rmaz\u00f3 egyes ker\u00e9kp\u00e1ralkatr\u00e9szekre&nbsp; vonatkoz\u00f3&nbsp;\nkiterjesztett&nbsp; d\u00f6mpingellenes&nbsp; v\u00e1m &nbsp;al\u00f3li,&nbsp;\na&nbsp; 88\/97\/EK&nbsp; rendelet szerinti mentess\u00e9gekr\u0151l&nbsp; <\/p>\n\n\n\n<p><strong>L 175. <\/strong><\/p>\n\n\n\n<p>\u2022 A Bizotts\u00e1g (EU) 2019\/1099 v\u00e9grehajt\u00e1si rendelete\n(2019. j\u00fanius 27.) a K\u00ednai N\u00e9pk\u00f6zt\u00e1rsas\u00e1gb\u00f3l sz\u00e1rmaz\u00f3 asztali \u00e9s konyhai\nker\u00e1mia\u00e1ruk behozatal\u00e1ra vonatkoz\u00f3 v\u00e9gleges d\u00f6mpingellenes v\u00e1m kivet\u00e9s\u00e9r\u0151l&nbsp; \u00e9s&nbsp;\na&nbsp; kivetett&nbsp; ideiglenes&nbsp;\nv\u00e1m&nbsp; v\u00e9gleges&nbsp; beszed\u00e9s\u00e9r\u0151l&nbsp;\nsz\u00f3l\u00f3&nbsp; 412\/2013\/EU&nbsp; tan\u00e1csi v\u00e9grehajt\u00e1si rendelet m\u00f3dos\u00edt\u00e1s\u00e1r\u00f3l <\/p>\n\n\n\n<p>\u2022 A Bizotts\u00e1g (EU) 2019\/1109 v\u00e9grehajt\u00e1si hat\u00e1rozata\n(2019. j\u00fanius 27.) az \u00c9szak-Maced\u00f3ni\u00e1b\u00f3l, Oroszorsz\u00e1gb\u00f3l \u00e9s T\u00f6r\u00f6korsz\u00e1gb\u00f3l\nsz\u00e1rmaz\u00f3, vasb\u00f3l (de nem \u00f6nt\u00f6ttvasb\u00f3l) vagy ac\u00e9lb\u00f3l (de nem rozsdamentes&nbsp; ac\u00e9lb\u00f3l)&nbsp;\nk\u00e9sz\u00fclt,&nbsp; n\u00e9gyzet&nbsp; vagy&nbsp;\nt\u00e9glalap&nbsp; keresztmetszet\u0171&nbsp; hegesztett&nbsp;\ncs\u00f6vek&nbsp; \u00e9s \u00fcreges profilok\nbehozatal\u00e1ra vonatkoz\u00f3 elj\u00e1r\u00e1s megsz\u00fcntet\u00e9s\u00e9r\u0151l<\/p>\n\n\n\n<p><strong>T\u00e1j\u00e9koztat\u00f3 a NAV honlapj\u00e1r\u00f3l<\/strong><\/p>\n\n\n\n<p>J\u00f6ved\u00e9ki\nad\u00f3 fajtak\u00f3dok<\/p>\n\n\n\n<p>A NAV\nK\u00f6zponti Ir\u00e1ny\u00edt\u00e1s V\u00e1m F\u0151oszt\u00e1lya f\u0151oszt\u00e1lyvezet\u0151je \u00e1ltal kiadott 7008\/2019. felh\u00edv\u00e1s\na v\u00e1mudvarok l\u00e9tes\u00edt\u00e9si felt\u00e9teleir\u0151l<\/p>\n\n\n\n<p>A Nemzeti\nAd\u00f3- \u00e9s V\u00e1mhivatal K\u00f6zponti Ir\u00e1ny\u00edt\u00e1s V\u00e1m F\u0151oszt\u00e1lya f\u0151oszt\u00e1lyvezet\u0151je \u00e1ltal\nkiadott 7009\/2019. felh\u00edv\u00e1s Uni\u00f3s V\u00e1mk\u00f3dex szerinti k\u00fcl\u00f6nleges elj\u00e1r\u00e1sok v\u00e1m-\u00e1runyilatkozattal\nt\u00f6rt\u00e9n\u0151 enged\u00e9lyez\u00e9s\u00e9r\u0151l<\/p>\n","protected":false},"excerpt":{"rendered":"<p>T\u00e1j\u00e9koztatom, hogy v\u00e1mjoggal, j\u00f6ved\u00e9kkel, k\u00f6rnyezet-, munka-, t\u0171zv\u00e9delemmel, hullad\u00e9kgazd\u00e1lkod\u00e1ssal \u00e9s k\u00f6rnyezetv\u00e9delmi term\u00e9kd\u00edjjal kapcsolatban az al\u00e1bbi jogszab\u00e1lyok l\u00e9ptek \u00e9letbe, vagy m\u00f3dosultak 2019. j\u00fanius 01-t\u0151l 2019. j\u00fanius 30-ig. V\u00e1mmal kapcsolatos jogszab\u00e1lyfigyel\u0151 AZ EU HIVATALOS LAPJ\u00c1B\u00d3L L&nbsp; 146. A&nbsp; Bizotts\u00e1g&nbsp; (EU)&nbsp; 2019\/915&nbsp; v\u00e9grehajt\u00e1si&nbsp; rendelete&nbsp; a&nbsp; K\u00ednai&nbsp; N\u00e9pk\u00f6zt\u00e1rsas\u00e1gb\u00f3l&nbsp; sz\u00e1rmaz\u00f3 egyes alum\u00edniumf\u00f3lia-tekercsek behozatal\u00e1ra vonatkoz\u00f3 v\u00e9gleges d\u00f6mpingellenes v\u00e1mnak az (EU) 2016\/1036 eur\u00f3pai [&hellip;]<\/p>\n","protected":false},"author":2,"featured_media":0,"comment_status":"open","ping_status":"closed","sticky":false,"template":"","format":"standard","meta":{"footnotes":""},"categories":[1],"tags":[],"_links":{"self":[{"href":"https:\/\/vamor.hu\/en\/wp-json\/wp\/v2\/posts\/3993"}],"collection":[{"href":"https:\/\/vamor.hu\/en\/wp-json\/wp\/v2\/posts"}],"about":[{"href":"https:\/\/vamor.hu\/en\/wp-json\/wp\/v2\/types\/post"}],"author":[{"embeddable":true,"href":"https:\/\/vamor.hu\/en\/wp-json\/wp\/v2\/users\/2"}],"replies":[{"embeddable":true,"href":"https:\/\/vamor.hu\/en\/wp-json\/wp\/v2\/comments?post=3993"}],"version-history":[{"count":0,"href":"https:\/\/vamor.hu\/en\/wp-json\/wp\/v2\/posts\/3993\/revisions"}],"wp:attachment":[{"href":"https:\/\/vamor.hu\/en\/wp-json\/wp\/v2\/media?parent=3993"}],"wp:term":[{"taxonomy":"category","embeddable":true,"href":"https:\/\/vamor.hu\/en\/wp-json\/wp\/v2\/categories?post=3993"},{"taxonomy":"post_tag","embeddable":true,"href":"https:\/\/vamor.hu\/en\/wp-json\/wp\/v2\/tags?post=3993"}],"curies":[{"name":"wp","href":"https:\/\/api.w.org\/{rel}","templated":true}]}}