{"id":4777,"date":"2021-02-26T08:43:57","date_gmt":"2021-02-26T07:43:57","guid":{"rendered":"https:\/\/vamor.hu\/?p=4777"},"modified":"2026-04-30T09:28:35","modified_gmt":"2026-04-30T07:28:35","slug":"jogszabalyvaltozas-2020-november","status":"publish","type":"post","link":"https:\/\/vamor.hu\/jogszabalyvaltozas-2020-november\/","title":{"rendered":"Jogszab\u00e1lyv\u00e1ltoz\u00e1s 2020. december"},"content":{"rendered":"\t\t<div data-elementor-type=\"wp-post\" data-elementor-id=\"4777\" class=\"elementor elementor-4777\" data-elementor-post-type=\"post\">\n\t\t\t\t\t\t<section class=\"elementor-section elementor-top-section elementor-element elementor-element-30d94fe elementor-section-boxed elementor-section-height-default elementor-section-height-default\" data-id=\"30d94fe\" data-element_type=\"section\">\n\t\t\t\t\t\t<div class=\"elementor-container elementor-column-gap-default\">\n\t\t\t\t\t<div class=\"elementor-column elementor-col-100 elementor-top-column elementor-element elementor-element-2024fea\" data-id=\"2024fea\" data-element_type=\"column\">\n\t\t\t<div class=\"elementor-widget-wrap elementor-element-populated\">\n\t\t\t\t\t\t<div class=\"elementor-element elementor-element-ff18bef elementor-widget elementor-widget-text-editor\" data-id=\"ff18bef\" data-element_type=\"widget\" data-widget_type=\"text-editor.default\">\n\t\t\t\t<div class=\"elementor-widget-container\">\n\t\t\t\t\t\t\t\t\t<h1>Jogszab\u00e1lyv\u00e1ltoz\u00e1s 2020. december<\/h1><p><strong><em>Tisztelt Partner\u00fcnk!<\/em><\/strong><\/p><p>T\u00e1j\u00e9koztatom, hogy v\u00e1mjoggal, j\u00f6ved\u00e9kkel, k\u00f6rnyezet-, munka-, t\u0171zv\u00e9delemmel, hullad\u00e9kgazd\u00e1lkod\u00e1ssal \u00e9s k\u00f6rnyezetv\u00e9delmi term\u00e9kd\u00edjjal kapcsolatban az al\u00e1bbi jogszab\u00e1lyok l\u00e9ptek \u00e9letbe, vagy m\u00f3dosultak <strong>2020. december 1-t\u0151l 2020. december 31-ig<\/strong>.<\/p><p>V\u00e1mmal kapcsolatos jogszab\u00e1lyfigyel\u0151<\/p><p>AZ EU HIVATALOS LAPJ\u00c1B\u00d3L<\/p><p>L 406.<\/p><p>Helyesb\u00edt\u00e9s az Eur\u00f3pai Uni\u00f3 \u00e1ltal a V\u00e1migazgat\u00e1sok Vil\u00e1gszervezete (WCO) Harmoniz\u00e1lt Rendszer Bizotts\u00e1g\u00e1nak 66. \u00fcl\u00e9s\u00e9n az \u00e1ruoszt\u00e1lyoz\u00e1si v\u00e9lem\u00e9nyek, oszt\u00e1lyba sorol\u00e1si hat\u00e1rozatok, a Harmoniz\u00e1lt Rendszer Magyar\u00e1zat\u00e1nak m\u00f3dos\u00edt\u00e1sai, valamint a Harmoniz\u00e1lt Rendszer \u00e9rtelmez\u00e9s\u00e9re vonatkoz\u00f3 egy\u00e9b tan\u00e1csok, tov\u00e1bb\u00e1 a Harmoniz\u00e1lt Rendszernek a Harmoniz\u00e1lt \u00c1rule\u00edr\u00f3 \u00e9s K\u00f3drendszerr\u0151l sz\u00f3l\u00f3 nemzetk\u00f6zi egyezm\u00e9ny szerinti egys\u00e9ges \u00e9rtelmez\u00e9s\u00e9t \u00e9s alkalmaz\u00e1s\u00e1t biztos\u00edt\u00f3 aj\u00e1nl\u00e1sok tervezett elfogad\u00e1s\u00e1val kapcsolatban k\u00e9pviselend\u0151 \u00e1ll\u00e1spontr\u00f3l sz\u00f3l\u00f3, 2020. szeptember 25-i (EU) 2020\/1410 tan\u00e1csi hat\u00e1rozathoz <em>(Az Eur\u00f3pai Uni\u00f3 Hivatalos Lapja L 327., 2020. okt\u00f3ber 8.)<\/em><\/p><p>Helyesb\u00edt\u00e9s a V\u00e1migazgat\u00e1sok Vil\u00e1gszervezete (WCO) Harmoniz\u00e1lt Rendszer Bizotts\u00e1g\u00e1nak 66. \u00fcl\u00e9s\u00e9n az \u00e1ruoszt\u00e1lyoz\u00e1si v\u00e9lem\u00e9nyek, besorol\u00e1si hat\u00e1rozatok, a Harmoniz\u00e1lt Rendszer Magyar\u00e1zat\u00e1nak m\u00f3dos\u00edt\u00e1sai, valamint a Harmoniz\u00e1lt Rendszer \u00e9rtelmez\u00e9s\u00e9re vonatkoz\u00f3 egy\u00e9b tan\u00e1csok, tov\u00e1bb\u00e1 a Harmoniz\u00e1lt Rendszernek a Harmoniz\u00e1lt \u00c1rule\u00edr\u00f3 \u00e9s K\u00f3drendszerr\u0151l sz\u00f3l\u00f3 nemzetk\u00f6zi egyezm\u00e9ny szerinti egys\u00e9ges \u00e9rtelmez\u00e9s\u00e9t biztos\u00edt\u00f3 aj\u00e1nl\u00e1sok tervezett elfogad\u00e1s\u00e1val kapcsolatban az Eur\u00f3pai Uni\u00f3 nev\u00e9ben k\u00e9pviselend\u0151 \u00e1ll\u00e1spontr\u00f3l sz\u00f3l\u00f3, 2020. okt\u00f3ber 12-i (EU) 2020\/1532 tan\u00e1csi hat\u00e1rozathoz <em>(Az Eur\u00f3pai Uni\u00f3 Hivatalos Lapja L 352., 2020. okt\u00f3ber 22.)<\/em><\/p><p>C 419.<\/p><p>\u00c9rtes\u00edt\u00e9s a K\u00ednai N\u00e9pk\u00f6zt\u00e1rsas\u00e1gb\u00f3l sz\u00e1rmaz\u00f3, tov\u00e1bb feldolgoz\u00e1sra sz\u00e1nt alum\u00edniumf\u00f3lia behozatal\u00e1ra vonatkoz\u00f3 szubvenci\u00f3ellenes elj\u00e1r\u00e1s megind\u00edt\u00e1s\u00e1r\u00f3l<\/p><p>L 410.<\/p><p>A Bizotts\u00e1g (EU) 2020\/1994 v\u00e9grehajt\u00e1si rendelete a K\u00ednai N\u00e9pk\u00f6zt\u00e1rsas\u00e1gb\u00f3l sz\u00e1rmaz\u00f3 egyes korr\u00f3zi\u00f3\u00e1ll\u00f3 ac\u00e9lok behozatal\u00e1ra az (EU) 2018\/186 v\u00e9grehajt\u00e1si rendelettel kivetett v\u00e9gleges d\u00f6mpingellenes v\u00e1mnak a kism\u00e9rt\u00e9kben m\u00f3dos\u00edtott egyes korr\u00f3zi\u00f3\u00e1ll\u00f3 ac\u00e9lok behozatal\u00e1ra t\u00f6rt\u00e9n\u0151 kiterjeszt\u00e9s\u00e9r\u0151l sz\u00f3l\u00f3 (EU) 2020\/1156 v\u00e9grehajt\u00e1si rendelet helyesb\u00edt\u00e9s\u00e9r\u0151l<\/p><p>Helyesb\u00edt\u00e9s a V\u00e1migazgat\u00e1sok Vil\u00e1gszervezete (WCO) Harmoniz\u00e1lt Rendszer Bizotts\u00e1g\u00e1nak 66. \u00fcl\u00e9s\u00e9n az \u00e1ruoszt\u00e1lyoz\u00e1si v\u00e9lem\u00e9nyek, besorol\u00e1si hat\u00e1rozatok, a Harmoniz\u00e1lt Rendszer Magyar\u00e1zat\u00e1nak m\u00f3dos\u00edt\u00e1sai, valamint a Harmoniz\u00e1lt Rendszer \u00e9rtelmez\u00e9s\u00e9re vonatkoz\u00f3 egy\u00e9b tan\u00e1csok, tov\u00e1bb\u00e1 a Harmoniz\u00e1lt Rendszernek a Harmoniz\u00e1lt \u00c1rule\u00edr\u00f3 \u00e9s K\u00f3drendszerr\u0151l sz\u00f3l\u00f3 nemzetk\u00f6zi egyezm\u00e9ny szerinti egys\u00e9ges \u00e9rtelmez\u00e9s\u00e9t biztos\u00edt\u00f3 aj\u00e1nl\u00e1sok tervezett elfogad\u00e1s\u00e1val kapcsolatban az Eur\u00f3pai Uni\u00f3 nev\u00e9ben k\u00e9pviselend\u0151 \u00e1ll\u00e1spontr\u00f3l sz\u00f3l\u00f3,<\/p><ul><li>2020. okt\u00f3ber 12-i (EU) 2020\/1532 tan\u00e1csi hat\u00e1rozathoz (HL L 406., 2020. december 3.)<\/li><li>2020. okt\u00f3ber 12-i (EU) 2020\/1532 tan\u00e1csi hat\u00e1rozathoz (HL L 352., 2020. okt\u00f3ber 22.)<\/li><li>2020. szeptember 25-i (EU) 2020\/1410 tan\u00e1csi hat\u00e1rozathoz (HL L 406., 2020. december 3.)<\/li><li>2020. szeptember 25-i (EU) 2020\/1410 tan\u00e1csi hat\u00e1rozathoz (HL L 327., 2020. okt\u00f3ber 8.)<\/li><\/ul><p>L 421.<\/p><p>A Bizotts\u00e1g (EU) 2020\/1749 felhatalmaz\u00e1son alapul\u00f3 rendelete a kett\u0151s felhaszn\u00e1l\u00e1s\u00fa term\u00e9kek kivitel\u00e9re, transzferj\u00e9re, br\u00f3kertev\u00e9kenys\u00e9g\u00e9re \u00e9s tranzitj\u00e1ra vonatkoz\u00f3 k\u00f6z\u00f6ss\u00e9gi ellen\u0151rz\u00e9si rendszer kialak\u00edt\u00e1s\u00e1r\u00f3l sz\u00f3l\u00f3 428\/2009\/EK tan\u00e1csi rendelet m\u00f3dos\u00edt\u00e1s\u00e1r\u00f3l<\/p><p>L 422.<\/p><p>A Bizotts\u00e1g (EU) 2020\/1987 felhatalmaz\u00e1son alapul\u00f3 rendelete az 1308\/2013\/EU eur\u00f3pai parlamenti \u00e9s tan\u00e1csi rendeletnek \u00e9s az 1306\/2013\/EU eur\u00f3pai parlamenti \u00e9s tan\u00e1csi rendeletnek a k\u00e9relembeny\u00fajt\u00e1s id\u0151rendi sorrendj\u00e9n alapul\u00f3 v\u00e1mkontingens-kezel\u00e9s keret\u00e9ben let\u00e9tbe helyezett \u00e9s felszabad\u00edtott biztos\u00edt\u00e9kok tekintet\u00e9ben t\u00f6rt\u00e9n\u0151 kieg\u00e9sz\u00edt\u00e9s\u00e9r\u0151l<\/p><p>A Bizotts\u00e1g (EU) 2020\/1988 v\u00e9grehajt\u00e1si rendelete az 1308\/2013\/EU \u00e9s az 510\/2014\/EU eur\u00f3pai parlamenti \u00e9s tan\u00e1csi rendeletnek a behozatali v\u00e1mkontingensek \u201e\u00e9rkez\u00e9si sorrend\u201d elve szerinti kezel\u00e9se tekintet\u00e9ben t\u00f6rt\u00e9n\u0151 alkalmaz\u00e1s\u00e1ra vonatkoz\u00f3 szab\u00e1lyok meg\u00e1llap\u00edt\u00e1s\u00e1r\u00f3l<\/p><p>L 423.<\/p><p>A Bizotts\u00e1g (EU) 2020\/2080 v\u00e9grehajt\u00e1si rendelete (2020. december 9.) egyes \u00e1ruk Kombin\u00e1lt N\u00f3menklat\u00fara szerinti besorol\u00e1s\u00e1r\u00f3l<\/p><p>L 424.<\/p><p>A Tan\u00e1cs (EU) 2020\/2054 hat\u00e1rozata az Eur\u00f3pai Gazdas\u00e1gi K\u00f6z\u00f6ss\u00e9g \u00e9s a Sv\u00e1jci \u00c1llamsz\u00f6vets\u00e9g k\u00f6z\u00f6tti meg\u00e1llapod\u00e1s \u00e1ltal l\u00e9trehozott vegyes bizotts\u00e1gban az eml\u00edtett meg\u00e1llapod\u00e1snak a \u201esz\u00e1rmaz\u00f3 term\u00e9k\u201d fogalm\u00e1nak meghat\u00e1roz\u00e1s\u00e1r\u00f3l \u00e9s az igazgat\u00e1si egy\u00fcttm\u0171k\u00f6d\u00e9s m\u00f3dszereir\u0151l sz\u00f3l\u00f3 3. jegyz\u0151k\u00f6nyve felv\u00e1lt\u00e1s\u00e1val t\u00f6rt\u00e9n\u0151 m\u00f3dos\u00edt\u00e1s\u00e1val kapcsolatban az Eur\u00f3pai Uni\u00f3 \u00e1ltal k\u00e9pviselend\u0151 \u00e1ll\u00e1spontr\u00f3l<\/p><p>A Tan\u00e1cs (EU) 2020\/2055 hat\u00e1rozata az egyr\u00e9szr\u0151l az Eur\u00f3pai K\u00f6z\u00f6ss\u00e9g, m\u00e1sr\u00e9szr\u0151l D\u00e1nia korm\u00e1nya \u00e9s a Fer\u00f6er szigetek helyi korm\u00e1nya k\u00f6z\u00f6tti meg\u00e1llapod\u00e1s \u00e1ltal l\u00e9trehozott vegyes bizotts\u00e1gban az eml\u00edtett meg\u00e1llapod\u00e1snak a \u201esz\u00e1rmaz\u00f3 term\u00e9k\u201d fogalm\u00e1nak meghat\u00e1roz\u00e1s\u00e1r\u00f3l \u00e9s az igazgat\u00e1si egy\u00fctt-m\u0171k\u00f6d\u00e9s m\u00f3dszereir\u0151l sz\u00f3l\u00f3 3. jegyz\u0151k\u00f6nyve felv\u00e1lt\u00e1s\u00e1val t\u00f6rt\u00e9n\u0151 m\u00f3dos\u00edt\u00e1s\u00e1val kapcsolatban az Eur\u00f3pai Uni\u00f3 \u00e1ltal k\u00e9pviselend\u0151 \u00e1ll\u00e1spontr\u00f3l<\/p><p>A Tan\u00e1cs (EU) 2020\/2056 hat\u00e1rozata az Eur\u00f3pai Gazdas\u00e1gi K\u00f6z\u00f6ss\u00e9g \u00e9s a Norv\u00e9g Kir\u00e1lys\u00e1g k\u00f6z\u00f6tti meg\u00e1llapod\u00e1s \u00e1ltal l\u00e9trehozott vegyes bizotts\u00e1gban az eml\u00edtett meg\u00e1llapod\u00e1snak a \u201esz\u00e1rmaz\u00f3 term\u00e9k\u201d fogalm\u00e1nak meghat\u00e1roz\u00e1s\u00e1r\u00f3l \u00e9s az igazgat\u00e1si egy\u00fcttm\u0171k\u00f6d\u00e9s m\u00f3dszereir\u0151l sz\u00f3l\u00f3 3. jegyz\u0151k\u00f6nyve felv\u00e1lt\u00e1s\u00e1val t\u00f6rt\u00e9n\u0151 m\u00f3dos\u00edt\u00e1s\u00e1val kapcsolatban az Eur\u00f3pai Uni\u00f3 \u00e1ltal k\u00e9pviselend\u0151 \u00e1ll\u00e1spontr\u00f3l<\/p><p>A Tan\u00e1cs (EU) 2020\/2057 hat\u00e1rozata az egyr\u00e9szr\u0151l az Eur\u00f3pai Gazdas\u00e1gi K\u00f6z\u00f6ss\u00e9g \u00e9s az Izlandi K\u00f6zt\u00e1rsas\u00e1g k\u00f6z\u00f6tti meg\u00e1llapod\u00e1s \u00e1ltal l\u00e9trehozott vegyes bizotts\u00e1gban az eml\u00edtett meg\u00e1llapod\u00e1snak a \u201esz\u00e1rmaz\u00f3 term\u00e9k\u201d fogalm\u00e1nak meghat\u00e1roz\u00e1s\u00e1r\u00f3l \u00e9s az igazgat\u00e1si egy\u00fcttm\u0171k\u00f6d\u00e9s m\u00f3dszereir\u0151l sz\u00f3l\u00f3 3. jegyz\u0151k\u00f6nyve felv\u00e1lt\u00e1s\u00e1val t\u00f6rt\u00e9n\u0151 m\u00f3dos\u00edt\u00e1s\u00e1val kapcsolatban az Eur\u00f3pai Uni\u00f3 \u00e1ltal k\u00e9pviselend\u0151 \u00e1ll\u00e1spontr\u00f3l<\/p><p>A Tan\u00e1cs (EU) 2020\/2062 hat\u00e1rozata az egyr\u00e9szr\u0151l az Eur\u00f3pai K\u00f6z\u00f6ss\u00e9gek \u00e9s azok tag\u00e1llamai, m\u00e1sr\u00e9szr\u0151l az Alb\u00e1n K\u00f6zt\u00e1rsas\u00e1g k\u00f6z\u00f6tti stabiliz\u00e1ci\u00f3s \u00e9s t\u00e1rsul\u00e1si meg\u00e1llapod\u00e1s \u00e1ltal l\u00e9trehozott Stabiliz\u00e1ci\u00f3s \u00e9s T\u00e1rsul\u00e1si Tan\u00e1csban az eml\u00edtett meg\u00e1llapod\u00e1snak a \u201esz\u00e1rmaz\u00f3 term\u00e9kek\u201d fogalm\u00e1nak meghat\u00e1roz\u00e1s\u00e1r\u00f3l \u00e9s az igazgat\u00e1si egy\u00fcttm\u0171k\u00f6d\u00e9s m\u00f3dszereir\u0151l sz\u00f3l\u00f3 4. jegyz\u0151k\u00f6nyve felv\u00e1lt\u00e1s\u00e1val t\u00f6rt\u00e9n\u0151 m\u00f3dos\u00edt\u00e1s\u00e1val kapcsolatban az Eur\u00f3pai Uni\u00f3 \u00e1ltal k\u00e9pviselend\u0151 \u00e1ll\u00e1spontr\u00f3l<\/p><p>A Tan\u00e1cs (EU) 2020\/2063 hat\u00e1rozata az egyr\u00e9szr\u0151l az Eur\u00f3pai K\u00f6z\u00f6ss\u00e9gek \u00e9s tag\u00e1llamaik, m\u00e1sr\u00e9szr\u0151l Bosznia-Hercegovina k\u00f6z\u00f6tti stabiliz\u00e1ci\u00f3s \u00e9s t\u00e1rsul\u00e1si meg\u00e1llapod\u00e1s \u00e1ltal l\u00e9trehozott Stabiliz\u00e1ci\u00f3s \u00e9s T\u00e1rsul\u00e1si Tan\u00e1csban az eml\u00edtett meg\u00e1llapod\u00e1snak, a \u201esz\u00e1rmaz\u00f3 term\u00e9k\u201d fogalm\u00e1nak meghat\u00e1roz\u00e1s\u00e1r\u00f3l \u00e9s a k\u00f6zigazgat\u00e1si egy\u00fcttm\u0171k\u00f6d\u00e9s m\u00f3dszereir\u0151l sz\u00f3l\u00f3 2. jegyz\u0151k\u00f6nyve felv\u00e1lt\u00e1s\u00e1val t\u00f6rt\u00e9n\u0151 m\u00f3dos\u00edt\u00e1s\u00e1val kapcsolatban az Eur\u00f3pai Uni\u00f3 \u00e1ltal k\u00e9pviselend\u0151 \u00e1ll\u00e1spontr\u00f3l<\/p><p>A Tan\u00e1cs (EU) 2020\/2065 hat\u00e1rozata (2020. december 7.) az egyr\u00e9szr\u0151l az Eur\u00f3pai Uni\u00f3, az Eur\u00f3pai Atomenergia-k\u00f6z\u00f6ss\u00e9g \u00e9s tag\u00e1llamaik, m\u00e1sr\u00e9szr\u0151l Gr\u00fazia k\u00f6z\u00f6tti t\u00e1rsul\u00e1si meg\u00e1llapod\u00e1s \u00e1ltal l\u00e9trehozott, v\u00e1m\u00fcgyekkel foglalkoz\u00f3 albizotts\u00e1gban az eml\u00edtett meg\u00e1llapod\u00e1snak a \u201esz\u00e1rmaz\u00f3 term\u00e9k\u201d fogalm\u00e1nak meghat\u00e1roz\u00e1s\u00e1r\u00f3l \u00e9s a k\u00f6zigazgat\u00e1si egy\u00fcttm\u0171k\u00f6d\u00e9s m\u00f3dszereir\u0151l sz\u00f3l\u00f3 I. jegyz\u0151k\u00f6nyve felv\u00e1lt\u00e1s\u00e1val t\u00f6rt\u00e9n\u0151 m\u00f3dos\u00edt\u00e1s\u00e1val kapcsolatban az Eur\u00f3pai Uni\u00f3 \u00e1ltal k\u00e9pviselend\u0151 \u00e1ll\u00e1spontr\u00f3l<\/p><p>A Tan\u00e1cs (EU) 2020\/2058 hat\u00e1rozata (2020. december 7.) az Eur\u00f3pai Gazdas\u00e1gi T\u00e9rs\u00e9gr\u0151l sz\u00f3l\u00f3 meg\u00e1llapod\u00e1ssal l\u00e9trehozott Vegyes Bizotts\u00e1gban az eml\u00edtett meg\u00e1llapod\u00e1s 4. jegyz\u0151k\u00f6nyv\u00e9nek (sz\u00e1rmaz\u00e1si szab\u00e1lyok) m\u00f3dos\u00edt\u00e1s\u00e1val kapcsolatban az Eur\u00f3pai Uni\u00f3 \u00e1ltal k\u00e9pviselend\u0151 \u00e1ll\u00e1spontr\u00f3l<\/p><p>A Tan\u00e1cs (EU) 2020\/2059 hat\u00e1rozata az egyr\u00e9szr\u0151l az Eur\u00f3pai K\u00f6z\u00f6ss\u00e9g, m\u00e1sr\u00e9szr\u0151l a csendes- \u00f3ce\u00e1ni \u00e1llamok k\u00f6z\u00f6tti \u00e1tmeneti partners\u00e9gi meg\u00e1llapod\u00e1ssal l\u00e9trehozott kereskedelmi bizotts\u00e1gban a \u201esz\u00e1rmaz\u00f3 term\u00e9k\u201d fogalm\u00e1nak meghat\u00e1roz\u00e1s\u00e1r\u00f3l \u00e9s a k\u00f6zigazgat\u00e1si egy\u00fcttm\u0171k\u00f6d\u00e9s m\u00f3dszereir\u0151l sz\u00f3l\u00f3 II. jegyz\u0151k\u00f6nyv egyes rendelkez\u00e9seinek m\u00f3dos\u00edt\u00e1sa tekintet\u00e9ben az Eur\u00f3pai Uni\u00f3 \u00e1ltal k\u00e9pviselend\u0151 \u00e1ll\u00e1spontr\u00f3l<\/p><p>A Tan\u00e1cs (EU) 2020\/2064 hat\u00e1rozata az egyr\u00e9szr\u0151l az Eur\u00f3pai K\u00f6z\u00f6ss\u00e9gek \u00e9s tag\u00e1llamaik, m\u00e1sr\u00e9szr\u0151l az Egyiptomi Arab K\u00f6zt\u00e1rsas\u00e1g k\u00f6z\u00f6tti t\u00e1rsul\u00e1s l\u00e9trehoz\u00e1s\u00e1r\u00f3l sz\u00f3l\u00f3 euromediterr\u00e1n meg\u00e1llapod\u00e1s \u00e1ltal l\u00e9trehozott T\u00e1rsul\u00e1si Tan\u00e1csban az eml\u00edtett meg\u00e1llapod\u00e1snak a \u201esz\u00e1rmaz\u00f3 term\u00e9k\u201d fogalm\u00e1nak meghat\u00e1roz\u00e1s\u00e1r\u00f3l \u00e9s az igazgat\u00e1si egy\u00fcttm\u0171k\u00f6d\u00e9s m\u00f3dszereir\u0151l sz\u00f3l\u00f3 4. jegyz\u0151k\u00f6nyve felv\u00e1lt\u00e1s\u00e1val t\u00f6rt\u00e9n\u0151 m\u00f3dos\u00edt\u00e1s\u00e1val kapcsolatban az Eur\u00f3pai Uni\u00f3 \u00e1ltal k\u00e9pviselend\u0151 \u00e1ll\u00e1spontr\u00f3l<\/p><p>A Tan\u00e1cs (EU) 2020\/2066 hat\u00e1rozata az egyr\u00e9szr\u0151l az Eur\u00f3pai K\u00f6z\u00f6ss\u00e9gek \u00e9s azok tag\u00e1llamai, \u00e9s m\u00e1sr\u00e9szr\u0151l Izrael \u00c1llam k\u00f6z\u00f6tti t\u00e1rsul\u00e1s l\u00e9trehoz\u00e1s\u00e1r\u00f3l sz\u00f3l\u00f3 euromediterr\u00e1n meg\u00e1llapod\u00e1s \u00e1ltal l\u00e9trehozott T\u00e1rsul\u00e1si Tan\u00e1csban az eml\u00edtett meg\u00e1llapod\u00e1snak a \u201esz\u00e1rmaz\u00f3 term\u00e9k\u201d fogalm\u00e1nak meghat\u00e1roz\u00e1s\u00e1r\u00f3l \u00e9s az igazgat\u00e1si egy\u00fcttm\u0171k\u00f6d\u00e9s m\u00f3dszereir\u0151l sz\u00f3l\u00f3 4. jegyz\u0151k\u00f6nyve felv\u00e1lt\u00e1s\u00e1val t\u00f6rt\u00e9n\u0151 m\u00f3dos\u00edt\u00e1s\u00e1val kapcsolatban az Eur\u00f3pai Uni\u00f3 \u00e1ltal k\u00e9pviselend\u0151 \u00e1ll\u00e1spontr\u00f3l<\/p><p>A Tan\u00e1cs (EU) 2020\/2067 hat\u00e1rozata az egyr\u00e9szr\u0151l az Eur\u00f3pai K\u00f6z\u00f6ss\u00e9gek \u00e9s azok tag\u00e1llamai, m\u00e1sr\u00e9szr\u0151l a Jord\u00e1n H\u00e1simita Kir\u00e1lys\u00e1g k\u00f6z\u00f6tti t\u00e1rsul\u00e1s l\u00e9trehoz\u00e1s\u00e1r\u00f3l sz\u00f3l\u00f3 euromediterr\u00e1n meg\u00e1llapod\u00e1s \u00e1ltal l\u00e9trehozott T\u00e1rsul\u00e1si Tan\u00e1csban az eml\u00edtett meg\u00e1llapod\u00e1snak a \u201esz\u00e1rmaz\u00f3 term\u00e9k\u201d fogalm\u00e1nak meghat\u00e1roz\u00e1s\u00e1r\u00f3l \u00e9s az igazgat\u00e1si egy\u00fcttm\u0171k\u00f6d\u00e9s m\u00f3dszereir\u0151l sz\u00f3l\u00f3 3. jegyz\u0151k\u00f6nyve felv\u00e1lt\u00e1s\u00e1val t\u00f6rt\u00e9n\u0151 m\u00f3dos\u00edt\u00e1s\u00e1val kapcsolatban az Eur\u00f3pai Uni\u00f3 \u00e1ltal k\u00e9pviselend\u0151 \u00e1ll\u00e1spontr\u00f3l<\/p><p>A Tan\u00e1cs (EU) 2020\/2069 hat\u00e1rozata az egyr\u00e9szr\u0151l az Eur\u00f3pai K\u00f6z\u00f6ss\u00e9g \u00e9s tag\u00e1llamai, m\u00e1sr\u00e9szr\u0151l a Libanoni K\u00f6zt\u00e1rsas\u00e1g k\u00f6z\u00f6tti t\u00e1rsul\u00e1s l\u00e9trehoz\u00e1s\u00e1r\u00f3l sz\u00f3l\u00f3 euromediterr\u00e1n meg\u00e1llapod\u00e1s \u00e1ltal l\u00e9trehozott T\u00e1rsul\u00e1si Tan\u00e1csban az eml\u00edtett meg\u00e1llapod\u00e1snak a \u201esz\u00e1rmaz\u00f3 term\u00e9k\u201d fogalm\u00e1nak meghat\u00e1roz\u00e1s\u00e1r\u00f3l \u00e9s az igazgat\u00e1si egy\u00fcttm\u0171k\u00f6d\u00e9s m\u00f3dszereir\u0151l sz\u00f3l\u00f3 4. jegyz\u0151k\u00f6nyve felv\u00e1lt\u00e1s\u00e1val t\u00f6rt\u00e9n\u0151 m\u00f3dos\u00edt\u00e1s\u00e1val kapcsolatban az Eur\u00f3pai Uni\u00f3 \u00e1ltal k\u00e9pviselend\u0151 \u00e1ll\u00e1spontr\u00f3l<\/p><p>A Tan\u00e1cs (EU) 2020\/2068 hat\u00e1rozata az egyr\u00e9szr\u0151l az Eur\u00f3pai Uni\u00f3 \u00e9s az Eur\u00f3pai Atomenergia- k\u00f6z\u00f6ss\u00e9g, m\u00e1sr\u00e9szr\u0151l Koszov\u00f3 (Ez a megnevez\u00e9s nem \u00e9rinti a jog\u00e1ll\u00e1ssal kapcsolatos \u00e1ll\u00e1spontokat, tov\u00e1bb\u00e1 \u00f6sszhangban van az 1244\/1999 sz. ENSZ BT-hat\u00e1rozattal \u00e9s a Nemzetk\u00f6zi B\u00edr\u00f3s\u00e1gnak a koszov\u00f3i f\u00fcggetlens\u00e9gi nyilatkozatr\u00f3l sz\u00f3l\u00f3 v\u00e9lem\u00e9ny\u00e9vel.) k\u00f6z\u00f6tti stabiliz\u00e1ci\u00f3s \u00e9s t\u00e1rsul\u00e1si meg\u00e1llapod\u00e1s \u00e1ltal l\u00e9trehozott Stabiliz\u00e1ci\u00f3s \u00e9s T\u00e1rsul\u00e1si Tan\u00e1csban az eml\u00edtett meg\u00e1llapod\u00e1snak a \u201esz\u00e1rmaz\u00f3 term\u00e9k\u201d fogalm\u00e1nak meghat\u00e1roz\u00e1s\u00e1r\u00f3l sz\u00f3l\u00f3 III. jegyz\u0151k\u00f6nyve felv\u00e1lt\u00e1s\u00e1val t\u00f6rt\u00e9n\u0151 m\u00f3dos\u00edt\u00e1s\u00e1val kapcsolatban az Eur\u00f3pai Uni\u00f3 \u00e1ltal k\u00e9pviselend\u0151 \u00e1ll\u00e1spontr\u00f3l<\/p><p>A Tan\u00e1cs (EU) 2020\/2070 hat\u00e1rozata az egyr\u00e9szr\u0151l az Eur\u00f3pai K\u00f6z\u00f6ss\u00e9gek \u00e9s tag\u00e1llamaik, m\u00e1sr\u00e9szr\u0151l Maced\u00f3nia Volt Jugoszl\u00e1v K\u00f6zt\u00e1rsas\u00e1g k\u00f6z\u00f6tti stabiliz\u00e1ci\u00f3s \u00e9s t\u00e1rsul\u00e1si meg\u00e1llapod\u00e1s \u00e1ltal l\u00e9trehozott Stabiliz\u00e1ci\u00f3s \u00e9s T\u00e1rsul\u00e1si Tan\u00e1csban az eml\u00edtett meg\u00e1llapod\u00e1snak a \u201esz\u00e1rmaz\u00f3 term\u00e9k\u201d fogalm\u00e1nak meghat\u00e1roz\u00e1s\u00e1r\u00f3l \u00e9s az igazgat\u00e1si egy\u00fcttm\u0171k\u00f6d\u00e9s m\u00f3dszereir\u0151l sz\u00f3l\u00f3 4. jegyz\u0151k\u00f6nyve felv\u00e1lt\u00e1s\u00e1val t\u00f6rt\u00e9n\u0151 m\u00f3dos\u00edt\u00e1s\u00e1val kapcsolatban az Eur\u00f3pai Uni\u00f3 \u00e1ltal k\u00e9pviselend\u0151 \u00e1ll\u00e1spontr\u00f3l<\/p><p>A Tan\u00e1cs (EU) 2020\/2071 hat\u00e1rozata az egyr\u00e9szr\u0151l az Eur\u00f3pai Uni\u00f3, az Eur\u00f3pai Atomenergia- k\u00f6z\u00f6ss\u00e9g \u00e9s tag\u00e1llamaik, m\u00e1sr\u00e9szr\u0151l a Moldovai K\u00f6zt\u00e1rsas\u00e1g k\u00f6z\u00f6tti t\u00e1rsul\u00e1si meg\u00e1llapod\u00e1s \u00e1ltal l\u00e9trehozott, v\u00e1m\u00fcgyekkel foglalkoz\u00f3 albizotts\u00e1gban az eml\u00edtett meg\u00e1llapod\u00e1snak a \u201esz\u00e1rmaz\u00f3 term\u00e9k\u201d fogalm\u00e1nak meghat\u00e1roz\u00e1s\u00e1r\u00f3l \u00e9s az igazgat\u00e1si egy\u00fcttm\u0171k\u00f6d\u00e9s m\u00f3dszereir\u0151l sz\u00f3l\u00f3 II. jegyz\u0151k\u00f6nyve felv\u00e1lt\u00e1s\u00e1val t\u00f6rt\u00e9n\u0151 m\u00f3dos\u00edt\u00e1s\u00e1val kapcsolatban az Eur\u00f3pai Uni\u00f3 \u00e1ltal k\u00e9pviselend\u0151 \u00e1ll\u00e1spontr\u00f3l<\/p><p>A Tan\u00e1cs (EU) 2020\/2072 hat\u00e1rozata az egyr\u00e9szr\u0151l az Eur\u00f3pai K\u00f6z\u00f6ss\u00e9gek \u00e9s tag\u00e1llamaik, m\u00e1sr\u00e9szr\u0151l a Szerb K\u00f6zt\u00e1rsas\u00e1g k\u00f6z\u00f6tti stabiliz\u00e1ci\u00f3s \u00e9s t\u00e1rsul\u00e1si meg\u00e1llapod\u00e1s \u00e1ltal l\u00e9trehozott stabiliz\u00e1ci\u00f3s \u00e9s t\u00e1rsul\u00e1si tan\u00e1csban az eml\u00edtett meg\u00e1llapod\u00e1snak a \u201esz\u00e1rmaz\u00f3 term\u00e9k\u201d fogalm\u00e1nak meghat\u00e1roz\u00e1s\u00e1r\u00f3l \u00e9s az igazgat\u00e1si egy\u00fcttm\u0171k\u00f6d\u00e9s m\u00f3dszereir\u0151l sz\u00f3l\u00f3 3. jegyz\u0151k\u00f6nyve felv\u00e1lt\u00e1s\u00e1val t\u00f6rt\u00e9n\u0151 m\u00f3dos\u00edt\u00e1s\u00e1val kapcsolatban az Eur\u00f3pai Uni\u00f3 \u00e1ltal k\u00e9pviselend\u0151 \u00e1ll\u00e1spontr\u00f3l<\/p><p>A Tan\u00e1cs (EU) 2020\/2073 hat\u00e1rozata az EU-T\u00f6r\u00f6korsz\u00e1g T\u00e1rsul\u00e1si Tan\u00e1csban az EK\u2013 T\u00f6r\u00f6korsz\u00e1g T\u00e1rsul\u00e1si Tan\u00e1cs mez\u0151gazdas\u00e1gi term\u00e9kek kereskedelmi rendszer\u00e9r\u0151l sz\u00f3l\u00f3 1\/98 hat\u00e1rozat\u00e1nak a \u201esz\u00e1rmaz\u00f3 term\u00e9k\u201d fogalm\u00e1nak meghat\u00e1roz\u00e1s\u00e1r\u00f3l \u00e9s az igazgat\u00e1si egy\u00fcttm\u0171k\u00f6d\u00e9s m\u00f3dszereir\u0151l sz\u00f3l\u00f3 3. jegyz\u0151k\u00f6nyve felv\u00e1lt\u00e1s\u00e1val t\u00f6rt\u00e9n\u0151 m\u00f3dos\u00edt\u00e1s\u00e1val kapcsolatban az Eur\u00f3pai Uni\u00f3 \u00e1ltal k\u00e9pviselend\u0151 \u00e1ll\u00e1spontr\u00f3l<\/p><p>A Tan\u00e1cs (EU) 2020\/2074 hat\u00e1rozata az Eur\u00f3pai Sz\u00e9n- \u00e9s Ac\u00e9lk\u00f6z\u00f6ss\u00e9g \u00e9s a T\u00f6r\u00f6k K\u00f6zt\u00e1rsas\u00e1g k\u00f6z\u00f6tti, az Eur\u00f3pai Sz\u00e9n- \u00e9s Ac\u00e9lk\u00f6z\u00f6ss\u00e9get l\u00e9trehoz\u00f3 szerz\u0151d\u00e9s hat\u00e1lya al\u00e1 tartoz\u00f3 term\u00e9kek kereskedelm\u00e9r\u0151l sz\u00f3l\u00f3 meg\u00e1llapod\u00e1s \u00e1ltal l\u00e9trehozott Vegyes Bizotts\u00e1gban az eml\u00edtett meg\u00e1llapod\u00e1snak a \u201esz\u00e1rmaz\u00f3 term\u00e9k\u201d fogalm\u00e1nak meghat\u00e1roz\u00e1s\u00e1r\u00f3l \u00e9s az igazgat\u00e1si egy\u00fcttm\u0171k\u00f6d\u00e9s m\u00f3dszereir\u0151l sz\u00f3l\u00f3 1. jegyz\u0151k\u00f6nyve felv\u00e1lt\u00e1s\u00e1val t\u00f6rt\u00e9n\u0151 m\u00f3dos\u00edt\u00e1s\u00e1val kapcsolatban az Eur\u00f3pai Uni\u00f3 \u00e1ltal k\u00e9pviselend\u0151 \u00e1ll\u00e1spontr\u00f3l<\/p><p>A Tan\u00e1cs (EU) 2020\/2075 hat\u00e1rozata az egyr\u00e9szr\u0151l az Eur\u00f3pai Uni\u00f3 \u00e9s az Eur\u00f3pai Atomenergia- k\u00f6z\u00f6ss\u00e9g \u00e9s tag\u00e1llamaik, m\u00e1sr\u00e9szr\u0151l Ukrajna k\u00f6z\u00f6tti t\u00e1rsul\u00e1si meg\u00e1llapod\u00e1s \u00e1ltal l\u00e9trehozott, v\u00e1m\u00fcgyekkel foglalkoz\u00f3 albizotts\u00e1gban az eml\u00edtett meg\u00e1llapod\u00e1snak a \u201esz\u00e1rmaz\u00f3 term\u00e9k\u201d fogalm\u00e1nak meghat\u00e1roz\u00e1s\u00e1r\u00f3l \u00e9s az igazgat\u00e1si egy\u00fcttm\u0171k\u00f6d\u00e9s m\u00f3dszereir\u0151l sz\u00f3l\u00f3 I. jegyz\u0151k\u00f6nyve felv\u00e1lt\u00e1s\u00e1val t\u00f6rt\u00e9n\u0151 m\u00f3dos\u00edt\u00e1s\u00e1val kapcsolatban az Eur\u00f3pai Uni\u00f3 \u00e1ltal k\u00e9pviselend\u0151 \u00e1ll\u00e1spontr\u00f3l<\/p><p>A Tan\u00e1cs (EU) 2020\/2078 hat\u00e1rozata az EU\u2013Kanada v\u00e1megy\u00fcttm\u0171k\u00f6d\u00e9si vegyes bizotts\u00e1gban Kanada Partners in Protection programj\u00e1nak \u00e9s az Eur\u00f3pai Uni\u00f3 enged\u00e9lyezett gazd\u00e1lkod\u00f3kra vonatkoz\u00f3 programj\u00e1nak a k\u00f6lcs\u00f6n\u00f6s elismer\u00e9s\u00e9r\u0151l sz\u00f3l\u00f3 hat\u00e1rozat elfogad\u00e1s\u00e1val kapcsolatban az Eur\u00f3pai Uni\u00f3 \u00e1ltal k\u00e9pviselend\u0151 \u00e1ll\u00e1spontr\u00f3l<\/p><p>L 425.<\/p><p>A Bizotts\u00e1g (EU) 2020\/2098 v\u00e9grehajt\u00e1si rendelete a Kanad\u00e1ban feladott, ak\u00e1r Kanad\u00e1b\u00f3l sz\u00e1rmaz\u00f3k\u00e9nt, ak\u00e1r nem ilyenk\u00e9nt bejelentett biod\u00edzel behozatal\u00e1ra vonatkoz\u00f3 v\u00e9gleges kiegyenl\u00edt\u0151 \u00e9s d\u00f6mpingellenes v\u00e1m kiterjeszt\u00e9s\u00e9r\u0151l sz\u00f3l\u00f3 443\/2011\/EU \u00e9s 444\/2011\/EU tan\u00e1csi v\u00e9grehajt\u00e1si rendelet fel\u00fclvizsg\u00e1lat\u00e1nak az int\u00e9zked\u00e9sek al\u00f3l egy kanadai export\u00e1l\u00f3 gy\u00e1rt\u00f3 sz\u00e1m\u00e1ra biztos\u00edthat\u00f3 mentess\u00e9g lehet\u0151s\u00e9g\u00e9nek meg\u00e1llap\u00edt\u00e1sa c\u00e9lj\u00e1b\u00f3l t\u00f6rt\u00e9n\u0151 megind\u00edt\u00e1s\u00e1r\u00f3l, a d\u00f6mpingellenes v\u00e1mnak az \u00e9rintett export\u00e1l\u00f3 gy\u00e1rt\u00f3t\u00f3l sz\u00e1rmaz\u00f3 behozatalok tekintet\u00e9ben val\u00f3 hat\u00e1lyon k\u00edv\u00fcl helyez\u00e9s\u00e9r\u0151l, valamint az \u00e9rintett export\u00e1l\u00f3 gy\u00e1rt\u00f3t\u00f3l \u00e9rkez\u0151 behozatalokra vonatkoz\u00f3 nyilv\u00e1ntart\u00e1sbav\u00e9teli k\u00f6telezetts\u00e9g bevezet\u00e9s\u00e9r\u0151l<\/p><p>A Bizotts\u00e1g (EU) 2020\/2099 v\u00e9grehajt\u00e1si rendelete (2 az (EU) 2019\/386 v\u00e9grehajt\u00e1si rendeletnek az (EU) 2019\/216 eur\u00f3pai parlamenti \u00e9s tan\u00e1csi rendelet 1. cikke (2) bekezd\u00e9se alkalmaz\u00e1s\u00e1nak kezd\u0151napj\u00e1n folyamatban l\u00e9v\u0151 kontingensid\u0151szakra meghat\u00e1rozott v\u00e1mkontingensek ar\u00e1nyos feloszt\u00e1s\u00e1ra vonatkoz\u00f3 k\u00fcl\u00f6n szab\u00e1lyok tekintet\u00e9ben t\u00f6rt\u00e9n\u0151 m\u00f3dos\u00edt\u00e1s\u00e1r\u00f3l<\/p><p>A Bizotts\u00e1g (EU) 2020\/2100 v\u00e9grehajt\u00e1si rendelete az Oroszorsz\u00e1gb\u00f3l sz\u00e1rmaz\u00f3 amm\u00f3nium- nitr\u00e1t behozatal\u00e1ra vonatkoz\u00f3 v\u00e9gleges d\u00f6mpingellenes v\u00e1mnak az (EU) 2016\/1036 eur\u00f3pai parlamenti \u00e9s tan\u00e1csi rendelet 11. cikk\u00e9nek (2) bekezd\u00e9se szerinti hat\u00e1lyveszt\u00e9si fel\u00fclvizsg\u00e1latot k\u00f6vet\u0151 kivet\u00e9s\u00e9r\u0151l<\/p><p>A Bizotts\u00e1g (EU) 2020\/2103 v\u00e9grehajt\u00e1si rendelete a koml\u00f3 harmadik orsz\u00e1gokb\u00f3l t\u00f6rt\u00e9n\u0151 behozatal\u00e1r\u00f3l sz\u00f3l\u00f3 1295\/2008\/EK rendelet m\u00f3dos\u00edt\u00e1s\u00e1r\u00f3l<\/p><p>L 431.<\/p><p>A Bizotts\u00e1g (EU) 2020\/2159 v\u00e9grehajt\u00e1si rendelete a v\u00e1m- \u00e9s a statisztikai n\u00f3menklat\u00far\u00e1r\u00f3l, valamint a K\u00f6z\u00f6s V\u00e1mtarif\u00e1r\u00f3l sz\u00f3l\u00f3 2658\/87\/EGK tan\u00e1csi rendelet I. mell\u00e9klet\u00e9nek m\u00f3dos\u00edt\u00e1s\u00e1r\u00f3l<\/p><p>A Bizotts\u00e1g (EU) 2020\/2161 v\u00e9grehajt\u00e1si rendelete a K\u00ednai N\u00e9pk\u00f6zt\u00e1rsas\u00e1gb\u00f3l sz\u00e1rmaz\u00f3 egyes alum\u00edniumf\u00f3lia-tekercsek behozatal\u00e1ra vonatkoz\u00f3an az (EU) 2019\/915 v\u00e9grehajt\u00e1si rendelettel bevezetett d\u00f6mpingellenes int\u00e9zked\u00e9seknek a Thaif\u00f6ld\u00f6n feladott, ak\u00e1r Thaif\u00f6ldr\u0151l sz\u00e1rmaz\u00f3k\u00e9nt, ak\u00e1r nem ilyenk\u00e9nt bejelentett egyes alum\u00edniumf\u00f3lia-tekercsek behozatal\u00e1val megval\u00f3s\u00edtott esetleges kij\u00e1tsz\u00e1s\u00e1ra vonatkoz\u00f3 vizsg\u00e1lat megind\u00edt\u00e1s\u00e1r\u00f3l, valamint az \u00e9rintett behozatalokra vonatkoz\u00f3 nyilv\u00e1ntart\u00e1sbav\u00e9teli k\u00f6telezetts\u00e9g bevezet\u00e9s\u00e9r\u0151l<\/p><p>A Bizotts\u00e1g (EU) 2020\/2162 v\u00e9grehajt\u00e1si rendelete a K\u00ednai N\u00e9pk\u00f6zt\u00e1rsas\u00e1gb\u00f3l sz\u00e1rmaz\u00f3 egyes alum\u00edniumf\u00f3li\u00e1k behozatal\u00e1ra vonatkoz\u00f3an az (EU) 2015\/2384 bizotts\u00e1gi v\u00e9grehajt\u00e1si rendelettel \u00e9s az (EU) 2017\/271 bizotts\u00e1gi v\u00e9grehajt\u00e1si rendelettel bevezetett d\u00f6mpingellenes int\u00e9zked\u00e9seknek a Thaif\u00f6ld\u00f6n feladott, ak\u00e1r Thaif\u00f6ldr\u0151l sz\u00e1rmaz\u00f3k\u00e9nt, ak\u00e1r nem ilyenk\u00e9nt bejelentett egyes alum\u00edniumf\u00f3li\u00e1k behozatal\u00e1val megval\u00f3s\u00edtott esetleges kij\u00e1tsz\u00e1s\u00e1ra vonatkoz\u00f3 vizsg\u00e1lat megind\u00edt\u00e1s\u00e1r\u00f3l, valamint az \u00e9rintett behozatalokra vonatkoz\u00f3 nyilv\u00e1ntart\u00e1sbav\u00e9teli k\u00f6telezetts\u00e9g bevezet\u00e9s\u00e9r\u0151l<\/p><p>A Bizotts\u00e1g (EU) 2020\/2163 v\u00e9grehajt\u00e1si rendelete az uni\u00f3s preferenci\u00e1lis rendelkez\u00e9sekben meghat\u00e1rozott preferenci\u00e1lis sz\u00e1rmaz\u00e1si szab\u00e1lyoknak az Egyes\u00fclt Kir\u00e1lys\u00e1gban \u00c9szak-\u00cdrorsz\u00e1g tekintet\u00e9ben t\u00f6rt\u00e9n\u0151 v\u00e9grehajt\u00e1s\u00e1r\u00f3l<\/p><p>L 432.<\/p><p>Az Eur\u00f3pai Parlament \u00e9s a Tan\u00e1cs (EU) 2020\/2170 rendelete az uni\u00f3s v\u00e1mkontingensek \u00e9s egy\u00e9b behozatali kontingensek alkalmaz\u00e1s\u00e1r\u00f3l<\/p><p>Az Eur\u00f3pai Parlament \u00e9s a Tan\u00e1cs (EU) 2020\/2171 rendelete a 428\/2009\/EK tan\u00e1csi rendelet IIa. Mell\u00e9klet\u00e9nek az Uni\u00f3b\u00f3l Nagy-Britannia \u00e9s \u00c9szak \u00cdrorsz\u00e1g Egyes\u00fclt Kir\u00e1lys\u00e1g\u00e1ba kivitt egyes kett\u0151s felhaszn\u00e1l\u00e1s\u00fa term\u00e9kekre vonatkoz\u00f3 uni\u00f3s \u00e1ltal\u00e1nos exportenged\u00e9ly megad\u00e1sa tekintet\u00e9ben t\u00f6rt\u00e9n\u0151 m\u00f3dos\u00edt\u00e1s\u00e1r\u00f3l<\/p><p>C 442.<\/p><p>\u00c9rtes\u00edt\u00e9s a K\u00ednai N\u00e9pk\u00f6zt\u00e1rsas\u00e1gb\u00f3l sz\u00e1rmaz\u00f3 egyes vas vagy ac\u00e9l k\u00f6t\u0151elemek behozatal\u00e1ra vonatkoz\u00f3 d\u00f6mpingellenes elj\u00e1r\u00e1s megind\u00edt\u00e1s\u00e1r\u00f3l<\/p><p>\u00c9rtes\u00edt\u00e9s a K\u00ednai N\u00e9pk\u00f6zt\u00e1rsas\u00e1gb\u00f3l sz\u00e1rmaz\u00f3, optikai sz\u00e1lakb\u00f3l \u00e1ll\u00f3 k\u00e1belek behozatal\u00e1ra vonatkoz\u00f3 szubvenci\u00f3ellenes elj\u00e1r\u00e1s megind\u00edt\u00e1s\u00e1r\u00f3l<\/p><p>L 433.<\/p><p>A Bizotts\u00e1g (EU) 2020\/2179 v\u00e9grehajt\u00e1si rendelete (2020. december 16.) egyes \u00e1ruk Kombin\u00e1lt N\u00f3menklat\u00fara szerinti besorol\u00e1s\u00e1r\u00f3l<\/p><p>L 434.<\/p><p>A Bizotts\u00e1g (EU) 2020\/2190 felhatalmaz\u00e1son alapul\u00f3 rendelete az (EU) 2019\/2124 felhatalmaz\u00e1son alapul\u00f3 rendeletnek az \u00e1ruknak az Uni\u00f3 ter\u00fclet\u00e9r\u0151l val\u00f3 kil\u00e9ptet\u00e9si helye szerinti hat\u00e1r\u00e1llom\u00e1sokon v\u00e9gzett hat\u00f3s\u00e1gi ellen\u0151rz\u00e9sek, valamint az \u00e1tsz\u00e1ll\u00edt\u00e1sra \u00e9s \u00e1trakod\u00e1sra vonatkoz\u00f3 egyes rendelkez\u00e9sek tekintet\u00e9ben t\u00f6rt\u00e9n\u0151 m\u00f3dos\u00edt\u00e1s\u00e1r\u00f3l<\/p><p>A Bizotts\u00e1g (EU) 2020\/2191 felhatalmaz\u00e1son alapul\u00f3 rendelete az (EU) 2015\/2446 felhatalmaz\u00e1son alapul\u00f3 rendeletnek a Nagy-Britannia \u00e9s \u00c9szak-\u00cdrorsz\u00e1g Egyes\u00fclt Kir\u00e1lys\u00e1ga, a Csatorna-szigetek \u00e9s a Man-sziget ter\u00fclet\u00e9re bel\u00e9p\u0151 vagy onnan kil\u00e9p\u0151 \u00e1ruk tengeri sz\u00e1ll\u00edt\u00e1s\u00e1hoz kapcsol\u00f3d\u00f3 bel\u00e9p\u00e9si gy\u0171jt\u0151 \u00e1runyilatkozatok \u00e9s indul\u00e1s el\u0151tti \u00e1runyilatkozatok beny\u00fajt\u00e1si hat\u00e1rid\u0151i tekintet\u00e9ben t\u00f6rt\u00e9n\u0151 m\u00f3do-s\u00edt\u00e1s\u00e1r\u00f3l<\/p><p>A Bizotts\u00e1g (EU) 2020\/2196 v\u00e9grehajt\u00e1si rendelete a 834\/2007\/EK tan\u00e1csi rendeletben az \u00f6kol\u00f3giai term\u00e9kek harmadik orsz\u00e1gb\u00f3l sz\u00e1rmaz\u00f3 behozatal\u00e1ra el\u0151\u00edrt szab\u00e1lyoz\u00e1s v\u00e9grehajt\u00e1s\u00e1ra vonatkoz\u00f3 r\u00e9szletes szab\u00e1lyok meghat\u00e1roz\u00e1s\u00e1r\u00f3l sz\u00f3l\u00f3 1235\/2008\/EK rendelet m\u00f3dos\u00edt\u00e1s\u00e1r\u00f3l<\/p><p>J\u00f6ved\u00e9kkel kapcsolatos jogszab\u00e1lyfigyel\u0151<\/p><p>J\u00f6ved\u00e9ki ad\u00f3 fajtak\u00f3dok<\/p><p>K\u00f6rnyezetv\u00e9delmi term\u00e9kd\u00edjjal kapcsolatos jogszab\u00e1lyfigyel\u0151<\/p><p>A Korm\u00e1ny 724\/2020. (XII. 31.) Korm. rendelete A k\u00f6rnyezetv\u00e9delmi term\u00e9kd\u00edjr\u00f3l sz\u00f3l\u00f3 2011. \u00e9vi LXXXV. t\u00f6rv\u00e9ny v\u00e9grehajt\u00e1s\u00e1r\u00f3l sz\u00f3l\u00f3 343\/2011. (XII. 29.) Korm. rendelet, valamint a csomagol\u00e1sr\u00f3l \u00e9s a csomagol\u00e1si hullad\u00e9kkal kapcsolatos hullad\u00e9kgazd\u00e1lkod\u00e1si tev\u00e9kenys\u00e9gekr\u0151l sz\u00f3l\u00f3 442\/2012. (XII. 29.) Korm. rendelet m\u00f3dos\u00edt\u00e1s\u00e1r\u00f3l<\/p><p>K\u00f6rnyezetv\u00e9delemmel kapcsolatos jogszab\u00e1lyfigyel\u0151<\/p><p>Eml\u00edtett id\u0151szakban v\u00e1ltoz\u00e1s nem t\u00f6rt\u00e9nt.<\/p><p>Munkav\u00e9delemmel kapcsolatos jogszab\u00e1lyfigyel\u0151<\/p><p>Eml\u00edtett id\u0151szakban v\u00e1ltoz\u00e1s nem t\u00f6rt\u00e9nt.<\/p><p>T\u0171zv\u00e9delemmel kapcsolatos jogszab\u00e1lyfigyel\u0151<\/p><p>Eml\u00edtett id\u0151szakban v\u00e1ltoz\u00e1s nem t\u00f6rt\u00e9nt.<\/p><p>Hullad\u00e9kgazd\u00e1lkod\u00e1ssal kapcsolatos jogszab\u00e1lyfigyel\u0151<\/p><p>Eml\u00edtett id\u0151szakban v\u00e1ltoz\u00e1s nem t\u00f6rt\u00e9nt.<\/p>\t\t\t\t\t\t\t\t<\/div>\n\t\t\t\t<\/div>\n\t\t\t\t\t<\/div>\n\t\t<\/div>\n\t\t\t\t\t<\/div>\n\t\t<\/section>\n\t\t\t\t<\/div>\n\t\t","protected":false},"excerpt":{"rendered":"<p>Jogszab\u00e1lyv\u00e1ltoz\u00e1s 2020. december Tisztelt Partner\u00fcnk! T\u00e1j\u00e9koztatom, hogy v\u00e1mjoggal, j\u00f6ved\u00e9kkel, k\u00f6rnyezet-, munka-, t\u0171zv\u00e9delemmel, hullad\u00e9kgazd\u00e1lkod\u00e1ssal \u00e9s k\u00f6rnyezetv\u00e9delmi term\u00e9kd\u00edjjal kapcsolatban az al\u00e1bbi jogszab\u00e1lyok l\u00e9ptek \u00e9letbe, vagy m\u00f3dosultak 2020. december 1-t\u0151l 2020. december 31-ig. V\u00e1mmal kapcsolatos jogszab\u00e1lyfigyel\u0151 AZ EU HIVATALOS LAPJ\u00c1B\u00d3L L 406. Helyesb\u00edt\u00e9s az Eur\u00f3pai Uni\u00f3 \u00e1ltal a V\u00e1migazgat\u00e1sok Vil\u00e1gszervezete (WCO) Harmoniz\u00e1lt Rendszer Bizotts\u00e1g\u00e1nak 66. \u00fcl\u00e9s\u00e9n az \u00e1ruoszt\u00e1lyoz\u00e1si [&hellip;]<\/p>\n","protected":false},"author":2,"featured_media":4368,"comment_status":"open","ping_status":"closed","sticky":false,"template":"","format":"standard","meta":{"_eb_attr":"","footnotes":""},"categories":[1],"tags":[],"class_list":["post-4777","post","type-post","status-publish","format-standard","has-post-thumbnail","hentry","category-jogszabaly-valtozas"],"_links":{"self":[{"href":"https:\/\/vamor.hu\/wp-json\/wp\/v2\/posts\/4777"}],"collection":[{"href":"https:\/\/vamor.hu\/wp-json\/wp\/v2\/posts"}],"about":[{"href":"https:\/\/vamor.hu\/wp-json\/wp\/v2\/types\/post"}],"author":[{"embeddable":true,"href":"https:\/\/vamor.hu\/wp-json\/wp\/v2\/users\/2"}],"replies":[{"embeddable":true,"href":"https:\/\/vamor.hu\/wp-json\/wp\/v2\/comments?post=4777"}],"version-history":[{"count":7,"href":"https:\/\/vamor.hu\/wp-json\/wp\/v2\/posts\/4777\/revisions"}],"predecessor-version":[{"id":7402,"href":"https:\/\/vamor.hu\/wp-json\/wp\/v2\/posts\/4777\/revisions\/7402"}],"wp:featuredmedia":[{"embeddable":true,"href":"https:\/\/vamor.hu\/wp-json\/wp\/v2\/media\/4368"}],"wp:attachment":[{"href":"https:\/\/vamor.hu\/wp-json\/wp\/v2\/media?parent=4777"}],"wp:term":[{"taxonomy":"category","embeddable":true,"href":"https:\/\/vamor.hu\/wp-json\/wp\/v2\/categories?post=4777"},{"taxonomy":"post_tag","embeddable":true,"href":"https:\/\/vamor.hu\/wp-json\/wp\/v2\/tags?post=4777"}],"curies":[{"name":"wp","href":"https:\/\/api.w.org\/{rel}","templated":true}]}}