{"id":4971,"date":"2021-10-28T08:02:28","date_gmt":"2021-10-28T06:02:28","guid":{"rendered":"https:\/\/vamor.hu\/?p=4971"},"modified":"2021-10-28T08:07:00","modified_gmt":"2021-10-28T06:07:00","slug":"korkoros-kozossegek-az-europai-hulladekcsokkentesi-het-fokuszaban","status":"publish","type":"post","link":"https:\/\/vamor.hu\/korkoros-kozossegek-az-europai-hulladekcsokkentesi-het-fokuszaban\/","title":{"rendered":"K\u00f6rk\u00f6r\u00f6s k\u00f6z\u00f6ss\u00e9gek az Eur\u00f3pai Hullad\u00e9kcs\u00f6kkent\u00e9si H\u00e9t f\u00f3kusz\u00e1ban"},"content":{"rendered":"<p><strong>November 20. \u00e9s 28. k\u00f6z\u00f6tt rendezik meg az Eur\u00f3pai Hullad\u00e9kcs\u00f6kkent\u00e9si Hetet, amelynek f\u0151 tematik\u00e1j\u00e1t ebben az \u00e9vben a k\u00f6rk\u00f6r\u00f6s k\u00f6z\u00f6ss\u00e9gek adj\u00e1k \u2013 k\u00f6z\u00f6lte Schanda Tam\u00e1s az Innvoc\u00e1ci\u00f3s \u00e9s Technol\u00f3giai Miniszt\u00e9rium (ITM) k\u00f6zlem\u00e9ny\u00e9ben.<\/strong><\/p>\n<p>Az ITM parlamenti \u00e9s strat\u00e9giai \u00e1llamtitk\u00e1ra hozz\u00e1tette, a kezdem\u00e9nyez\u00e9s c\u00e9lja, hogy felh\u00edvja a figyelmet a tudatos hullad\u00e9kgazd\u00e1lkod\u00e1sra, a keletkez\u0151 hullad\u00e9k mennyis\u00e9g\u00e9nek cs\u00f6kkent\u00e9s\u00e9re \u00e9s az \u00fajrahasznos\u00edt\u00e1s fontoss\u00e1g\u00e1ra.<\/p>\n<p>A t\u00e1rca k\u00f6zlem\u00e9ny\u00e9ben felid\u00e9zik, hogy a 2009-ben ind\u00edtott kezdem\u00e9nyez\u00e9st a European Week for Waste Reduction (EWWR) Ir\u00e1ny\u00edt\u00f3 Bizotts\u00e1ga h\u00edvta \u00e9letre, az abban r\u00e9sztvev\u0151 orsz\u00e1gokban egy teljes h\u00e9ten kereszt\u00fcl az \u00f6nk\u00e9ntesek saj\u00e1t \u00f6tleteikkel h\u00edvj\u00e1k fel a figyelmet a tudatos hullad\u00e9kgazd\u00e1lkod\u00e1sra, a hullad\u00e9k keletkez\u00e9s\u00e9nek megel\u0151z\u00e9s\u00e9re, a keletkezett mennyis\u00e9g cs\u00f6kkent\u00e9s\u00e9re, a term\u00e9kek \u00fajrahaszn\u00e1lat\u00e1ra, valamint az anyagok \u00fajrahasznos\u00edt\u00e1s\u00e1nak fontoss\u00e1g\u00e1ra. Haz\u00e1nkban 2012 \u00f3ta szervezik meg az esem\u00e9nyt, amely \u00e9vr\u0151l \u00e9vre egyre n\u00e9pszer\u0171bb, tavaly Magyarorsz\u00e1gon 863 akci\u00f3t val\u00f3s\u00edtottak meg a programhoz csatlakoz\u00f3 \u00f6nk\u00e9ntesek.<\/p>\n<p>A k\u00f6zlem\u00e9ny szerint Schanda Tam\u00e1s a kezdem\u00e9nyez\u00e9s kapcs\u00e1n elmondta: \u201cA korm\u00e1ny sz\u00e1m\u00e1ra a teremtett vil\u00e1g v\u00e9delme nemcsak egy jelsz\u00f3, hanem val\u00f3di k\u00fcldet\u00e9s, ez\u00e9rt is t\u00e1mogatjuk az Eur\u00f3pai Hullad\u00e9kcs\u00f6kkent\u00e9si Hetet. Azonban nem csak ezen az egy h\u00e9ten, hanem hossz\u00fat\u00e1von is fontos arra \u00f6szt\u00f6n\u00f6zni az embereket, hogy az \u00e9lhet\u0151bb, tiszt\u00e1bb k\u00f6rnyezet \u00e9s a k\u00f6rnyezetk\u00edm\u00e9l\u0151bb \u00e9letm\u00f3d \u00e9rdek\u00e9ben tudatosan figyeljenek mindennapi fogyaszt\u00e1si szok\u00e1saikra\u201d.<\/p>\n<p>Az Eur\u00f3pai Hullad\u00e9kcs\u00f6kkent\u00e9si H\u00e9t magyarorsz\u00e1gi koordin\u00e1tori szerep\u00e9t az \u00c9MI Nonprofit Kft. l\u00e1tja el, az akci\u00f3\u00f6tletekkel november 17-ig lehet regisztr\u00e1lni a szervezet <a href=\"https:\/\/www.emi.hu\/emi_kerdoiv\/kerdoiv_20210916.html\" rel=\"nofollow noopener\" target=\"_blank\">honlapj\u00e1n<\/a> \u2013 t\u00e1j\u00e9koztatott az ITM.<\/p>\n<p>mti<\/p>\n","protected":false},"excerpt":{"rendered":"<p>November 20. \u00e9s 28. k\u00f6z\u00f6tt rendezik meg az Eur\u00f3pai Hullad\u00e9kcs\u00f6kkent\u00e9si Hetet, amelynek f\u0151 tematik\u00e1j\u00e1t ebben az \u00e9vben a k\u00f6rk\u00f6r\u00f6s k\u00f6z\u00f6ss\u00e9gek adj\u00e1k \u2013 k\u00f6z\u00f6lte Schanda Tam\u00e1s az Innvoc\u00e1ci\u00f3s \u00e9s Technol\u00f3giai Miniszt\u00e9rium (ITM) k\u00f6zlem\u00e9ny\u00e9ben. Az ITM parlamenti \u00e9s strat\u00e9giai \u00e1llamtitk\u00e1ra hozz\u00e1tette, a kezdem\u00e9nyez\u00e9s c\u00e9lja, hogy felh\u00edvja a figyelmet a tudatos hullad\u00e9kgazd\u00e1lkod\u00e1sra, a keletkez\u0151 hullad\u00e9k mennyis\u00e9g\u00e9nek cs\u00f6kkent\u00e9s\u00e9re \u00e9s [&hellip;]<\/p>\n","protected":false},"author":2,"featured_media":4974,"comment_status":"open","ping_status":"closed","sticky":false,"template":"","format":"standard","meta":{"_eb_attr":"","footnotes":""},"categories":[41],"tags":[],"class_list":["post-4971","post","type-post","status-publish","format-standard","has-post-thumbnail","hentry","category-kornyezetvedelmi-hirek"],"_links":{"self":[{"href":"https:\/\/vamor.hu\/wp-json\/wp\/v2\/posts\/4971"}],"collection":[{"href":"https:\/\/vamor.hu\/wp-json\/wp\/v2\/posts"}],"about":[{"href":"https:\/\/vamor.hu\/wp-json\/wp\/v2\/types\/post"}],"author":[{"embeddable":true,"href":"https:\/\/vamor.hu\/wp-json\/wp\/v2\/users\/2"}],"replies":[{"embeddable":true,"href":"https:\/\/vamor.hu\/wp-json\/wp\/v2\/comments?post=4971"}],"version-history":[{"count":1,"href":"https:\/\/vamor.hu\/wp-json\/wp\/v2\/posts\/4971\/revisions"}],"predecessor-version":[{"id":4972,"href":"https:\/\/vamor.hu\/wp-json\/wp\/v2\/posts\/4971\/revisions\/4972"}],"wp:featuredmedia":[{"embeddable":true,"href":"https:\/\/vamor.hu\/wp-json\/wp\/v2\/media\/4974"}],"wp:attachment":[{"href":"https:\/\/vamor.hu\/wp-json\/wp\/v2\/media?parent=4971"}],"wp:term":[{"taxonomy":"category","embeddable":true,"href":"https:\/\/vamor.hu\/wp-json\/wp\/v2\/categories?post=4971"},{"taxonomy":"post_tag","embeddable":true,"href":"https:\/\/vamor.hu\/wp-json\/wp\/v2\/tags?post=4971"}],"curies":[{"name":"wp","href":"https:\/\/api.w.org\/{rel}","templated":true}]}}